{"id":1020,"date":"2020-03-23T15:05:43","date_gmt":"2020-03-23T15:05:43","guid":{"rendered":"https:\/\/www.affinite.fr\/index.php\/2020\/03\/23\/la-france-publie-ses-donnees-sur-le-covid-19-en-open-data\/"},"modified":"2020-03-23T15:05:43","modified_gmt":"2020-03-23T15:05:43","slug":"la-france-publie-ses-donnees-sur-le-covid-19-en-open-data","status":"publish","type":"post","link":"http:\/\/www.affinite.fr\/index.php\/2020\/03\/23\/la-france-publie-ses-donnees-sur-le-covid-19-en-open-data\/","title":{"rendered":"La France publie ses donn\u00e9es sur le Covid-19 en open data"},"content":{"rendered":"<p> [ad_1]<br \/>\n<br \/><img decoding=\"async\" src=\"https:\/\/img.bfmtv.com\/i\/0\/0\/f7e\/e419830255024a7dc08c84ee46ff3.png\" \/><\/p>\n<div itemprop=\"articleBody\">\n<p>L\u2019agence nationale Sant\u00e9 publique France a publi\u00e9, vendredi 20 mars,\u00a0plusieurs jeux de donn\u00e9es relatives \u00e0 l\u2019\u00e9pid\u00e9mie de Covid-19. Sur la plate-forme <em>data.gouv.fr<\/em>, on trouve donc les informations jour par jour pour tous les \u00e2ges mais aussi par tranches d&rsquo;\u00e2ge et par semaine. Une carte interactive sur le site\u00a0<em><a href=\"https:\/\/veille-coronavirus.fr\" target=\"_blank\" rel=\"noopener noreferrer\">veille-coronavirus.fr<\/a> <\/em>r\u00e9utilise ces donn\u00e9es et permet d&rsquo;avoir une vue d&rsquo;ensemble sur l&rsquo;\u00e9volution de l&rsquo;\u00e9pid\u00e9mie. L&rsquo;indicateur cl\u00e9 \u00e0 suivre : les cas\u00a0en r\u00e9animation.<\/p>\n<h3 style=\"color:#333; font-family:arial,helvetica,sans-serif; font-size:23px; font-weight:700\">Un panorama des services d&rsquo;urgence<\/h3>\n<p>Les donn\u00e9es disponibles concernent les trois premi\u00e8res\u00a0semaines de mars &#8211; pour l&rsquo;instant du 5 au 21 mars\u00a02020.\u00a0Celles-ci sont issues du syst\u00e8me de surveillance sanitaire <a href=\"https:\/\/www.santepubliquefrance.fr\/surveillance-syndromique-sursaud-R\" target=\"_blank\" rel=\"noopener noreferrer\">SURSAUD<\/a>\u00a0qui recoupe les donn\u00e9es des\u00a0urgences (OSCOUR), celles de SOS M\u00e9decins et\u00a0\u00e9galement le taux de mortalit\u00e9 g\u00e9n\u00e9ral du pays calcul\u00e9 notamment par l&rsquo;INSEE.\u00a0<\/p>\n<h3 style=\"color:#333; font-family:arial,helvetica,sans-serif; font-size:23px; font-weight:700\">Attention, \u00ab\u00a0prudence\u00a0\u00bb !<\/h3>\n<p>L&rsquo;objectif est de mettre \u00e0 disposition des citoyens les donn\u00e9es recoup\u00e9es par plusieurs r\u00e9seaux de professionnels en premi\u00e8re ligne.\u00a0Sant\u00e9 publique France\u00a0appelle n\u00e9anmoins \u00e0 la\u00a0prudence\u00a0quant \u00e0 l&rsquo;interpr\u00e9tation des donn\u00e9es.\u00a0<span>Si tout citoyen qui le souhaite peut s&#8217;emparer de ces donn\u00e9es, elles devraient surtout servir \u00e0 des experts.<\/span><\/p>\n<p><span>Malgr\u00e9 la parcimonie avec laquelle les donn\u00e9es sont distill\u00e9es, cette mise en ligne est un gage de transparence du minist\u00e8re de la Sant\u00e9. Sous la houlette du ministre,\u00a0Sant\u00e9 publique France a pour mission d&rsquo;\u00ab\u00a0<em>am\u00e9liorer et de prot\u00e9ger la sant\u00e9 des populations<\/em>\u00a0\u00bb selon trois axes \u00ab\u00a0<em>anticiper, comprendre et agir<\/em>\u00a0\u00bb.\u00a0<\/span><\/p>\n<aside class=\"bg-color-0 padding-inside-all-s bloc border-s\">\n<h4 class=\"box-txt-normal\">\n<p><strong>\u00c0 d\u00e9couvrir aussi en vid\u00e9o<\/strong><\/p>\n<\/h4>\n<\/aside>\n<p>D&rsquo;apr\u00e8s\u00a0<em>data.gouv.fr<\/em>,<em>\u00a0<\/em>d&rsquo;autres donn\u00e9es sont sur le point d&rsquo;\u00eatre publi\u00e9es. Mais, rappelons que fournir des informations exhaustives en temps r\u00e9el \u00e0 l&rsquo;\u00e9chelle d&rsquo;un pays est un exercice aussi p\u00e9rilleux que n\u00e9cessaire.<\/p>\n<p><strong>Source<\/strong> : <a href=\"https:\/\/www.santepubliquefrance.fr\/surveillance-syndromique-sursaud-R\/bulletins-sursaud-R-sos-medecins-oscour-mortalite\" target=\"_blank\" rel=\"noopener noreferrer\">Sant\u00e9 publique France<\/a>\u00a0via <a href=\"https:\/\/www.data.gouv.fr\/fr\/datasets\/donnees-relatives-a-lepidemie-du-covid-19\/\" target=\"_blank\" rel=\"noopener noreferrer\">data.gouv.fr\u00a0<\/a><\/p>\n<\/p><\/div>\n<p><script>\n         !function(f,b,e,v,n,t,s){if(f.fbq)return;n=f.fbq=function()\n         {n.callMethod? n.callMethod.apply(n,arguments):n.queue.push(arguments)}\n         ;if(!f._fbq)f._fbq=n;\n             n.push=n;n.loaded=!0;n.version='2.0';n.queue=[];t=b.createElement(e);t.async=!0;\n             t.src=v;s=b.getElementsByTagName(e)[0];s.parentNode.insertBefore(t,s)}(window,\n                 document,'script','https:\/\/connect.facebook.net\/en_US\/fbevents.js');\n         fbq('init', '1065890633454496');\n         fbq('track', 'PageView');\n     <\/script><br \/>\n<br \/>[ad_2]<br \/>\n<br \/><a href=\"https:\/\/www.01net.com\/actualites\/la-france-publie-ses-donnees-sur-le-covid-19-en-open-data-1880508.html\">Source link <\/a><\/p>\n","protected":false},"excerpt":{"rendered":"<p>[ad_1] L\u2019agence nationale Sant\u00e9 publique France a publi\u00e9, vendredi 20 mars,\u00a0plusieurs jeux de donn\u00e9es relatives \u00e0 l\u2019\u00e9pid\u00e9mie de Covid-19. Sur &hellip; <a href=\"http:\/\/www.affinite.fr\/index.php\/2020\/03\/23\/la-france-publie-ses-donnees-sur-le-covid-19-en-open-data\/\" class=\"more-link\">Plus <span class=\"screen-reader-text\">La France publie ses donn\u00e9es sur le Covid-19 en open data<\/span> <span class=\"meta-nav\">&rarr;<\/span><\/a><\/p>\n","protected":false},"author":1,"featured_media":1021,"comment_status":"open","ping_status":"open","sticky":false,"template":"","format":"standard","meta":{"_sitemap_exclude":false,"_sitemap_priority":"","_sitemap_frequency":"","footnotes":""},"categories":[1],"tags":[],"class_list":["post-1020","post","type-post","status-publish","format-standard","has-post-thumbnail","hentry","category-tous"],"_links":{"self":[{"href":"http:\/\/www.affinite.fr\/index.php\/wp-json\/wp\/v2\/posts\/1020"}],"collection":[{"href":"http:\/\/www.affinite.fr\/index.php\/wp-json\/wp\/v2\/posts"}],"about":[{"href":"http:\/\/www.affinite.fr\/index.php\/wp-json\/wp\/v2\/types\/post"}],"author":[{"embeddable":true,"href":"http:\/\/www.affinite.fr\/index.php\/wp-json\/wp\/v2\/users\/1"}],"replies":[{"embeddable":true,"href":"http:\/\/www.affinite.fr\/index.php\/wp-json\/wp\/v2\/comments?post=1020"}],"version-history":[{"count":0,"href":"http:\/\/www.affinite.fr\/index.php\/wp-json\/wp\/v2\/posts\/1020\/revisions"}],"wp:featuredmedia":[{"embeddable":true,"href":"http:\/\/www.affinite.fr\/index.php\/wp-json\/wp\/v2\/media\/1021"}],"wp:attachment":[{"href":"http:\/\/www.affinite.fr\/index.php\/wp-json\/wp\/v2\/media?parent=1020"}],"wp:term":[{"taxonomy":"category","embeddable":true,"href":"http:\/\/www.affinite.fr\/index.php\/wp-json\/wp\/v2\/categories?post=1020"},{"taxonomy":"post_tag","embeddable":true,"href":"http:\/\/www.affinite.fr\/index.php\/wp-json\/wp\/v2\/tags?post=1020"}],"curies":[{"name":"wp","href":"https:\/\/api.w.org\/{rel}","templated":true}]}}