{"id":10174,"date":"2024-04-06T04:10:53","date_gmt":"2024-04-06T04:10:53","guid":{"rendered":"https:\/\/www.affinite.fr\/index.php\/2024\/04\/06\/ce-nouveau-panneau-se-repand-en-france-et-il-arrive-ce-mois-ci-dans-le-sud\/"},"modified":"2024-04-06T04:10:53","modified_gmt":"2024-04-06T04:10:53","slug":"ce-nouveau-panneau-se-repand-en-france-et-il-arrive-ce-mois-ci-dans-le-sud","status":"publish","type":"post","link":"http:\/\/www.affinite.fr\/index.php\/2024\/04\/06\/ce-nouveau-panneau-se-repand-en-france-et-il-arrive-ce-mois-ci-dans-le-sud\/","title":{"rendered":"Ce nouveau panneau se r\u00e9pand en France et il arrive ce mois-ci dans le Sud"},"content":{"rendered":"<p> [ad_1]<br \/>\n<br \/><img decoding=\"async\" src=\"https:\/\/img-3.journaldesfemmes.fr\/22HdgLnJa294qKebrdcSUOHORKw=\/1280x\/smart\/e63087492c044ae49fdd16e60be23b32\/ccmcms-jdf\/39958021.jpg\" \/><\/p>\n<p>\n                On vous met au d\u00e9fi d&rsquo;identifier la signification de ce panneau de circulation. Voici ce que vous devriez savoir avant de tomber face \u00e0 cette indication routi\u00e8re, encore inconnue pour des milliers d&rsquo;automobilistes. Il entre en vigueur dans la communaut\u00e9 d&rsquo;Aix d\u00e8s maintenant.            <\/p>\n<div>\n<p>Avec la densification du r\u00e9seau routier fran\u00e7ais, chaque innovation visant \u00e0 fluidifier le trafic est la bienvenue. C&rsquo;est pourquoi de plus en plus de\u00a0nouvelles r\u00e9glementations entrent en vigueur, facilitant vos d\u00e9placements tout en r\u00e9duisant l&rsquo;impact environnemental.\u00a0L&rsquo;une d&rsquo;elle attire particuli\u00e8rement l&rsquo;attention.\u00a0Inscrite dans une d\u00e9marche \u00e9coresponsable, il est primordial de conna\u00eetre sa signification si vous voulez \u00e9chapper \u00e0 une contravention sal\u00e9e, soit 135\u00a0euros.\u00a0<\/p>\n<p>Vous pouvez l&rsquo;apercevoir \u00e0 Lille, Lyon, Grenoble, Strasbourg, Rennes ou encore Nantes, alors ouvrez l&rsquo;\u0153il ! G\u00e9n\u00e9ralement pr\u00e9sent sur les routes \u00e0 plusieurs voies, ce panneau de circulation surprend de nombreux conducteurs, encore trop peu inform\u00e9s sur la r\u00e8gle de conduite \u00e0 adopter. Il s&rsquo;agit d&rsquo;un panneau carr\u00e9 sur fond bleu repr\u00e9sentant un losange blanc.\u00a0Mais qu&rsquo;est-ce que cela indique ?\u00a0On ne parle pas, ici, d&rsquo;un sens de circulation, d&rsquo;une zone de stationnement ou encore d&rsquo;une option disponible sur une aire d&rsquo;autoroute&#8230;<\/p>\n<p>Non, selon l&rsquo;arr\u00eat\u00e9 du 24 ao\u00fbt 2020, cette signalisation\u00a0pr\u00e9conis\u00e9e par la Loi d&rsquo;Orientation des Mobilit\u00e9s (LOM) de 2019\u00a0puis par la loi climat et r\u00e9silience de 2021\u00a0consiste \u00e0<i>\u00a0\u00ab\u00a0mat\u00e9rialiser une voie r\u00e9serv\u00e9e aux v\u00e9hicules de transport en commun, aux taxis, aux v\u00e9hicules transportant un nombre minimal d&rsquo;occupants y compris le conducteur, notamment dans le cadre du covoiturage (\u2026) ou aux v\u00e9hicules \u00e0 tr\u00e8s faibles \u00e9missions\u00a0\u00bb <\/i>Vous l&rsquo;aurez compris,\u00a0seules quelques cat\u00e9gories de v\u00e9hicules sont autoris\u00e9es\u00a0\u00e0 circuler sur cette voie r\u00e9serv\u00e9e situ\u00e9e \u00e0 gauche.<\/p>\n<p>Il s&rsquo;agit des v\u00e9hicules avec au moins deux personnes \u00e0 bord<i>, <\/i>mais\u00a0pas que.\u00a0Les v\u00e9hicules \u00e0 tr\u00e8s faibles \u00e9missions, qui affichent la vignette Crit&rsquo;Air o, peuvent aussi y circuler.\u00a0Enfin, les v\u00e9hicules de transport en commun ainsi que les taxis sont \u00e9galement autoris\u00e9s sur cette voie.\u00a0En revanche, si vous \u00eates seul dans votre voiture, il vous est interdit de rouler \u00e0 cet endroit, au risque d&rsquo;\u00e9coper d&rsquo;une amende de 135\u00a0euros.\u00a0<\/p>\n<p>Attention, ce panneau de circulation pr\u00e9sente quelques variantes en fonction des villes o\u00f9 il se situe.\u00a0\u00c0 Lille par exemple, la signalisation ne s&rsquo;active que lorsque la circulation se densifie, le panneau devient alors lumineux.\u00a0\u00c0 Strasbourg, les voies d\u00e9di\u00e9es au covoiturage sont mises en place en semaine exclusivement et \u00e0 certains horaires\u00a0: du lundi au vendredi, de 6h \u00e0 10h et de 16h \u00e0 19h. La pr\u00e9cision est alors inscrite en dessous du panneau.\u00a0De quoi redoubler de vigilance !<\/p>\n<\/p><\/div>\n<p>[ad_2]<br \/>\n<br \/><a href=\"https:\/\/www.journaldesfemmes.fr\/maman\/magazine\/3171152-panneau-de-signalisation\/\">Source link <\/a><\/p>\n","protected":false},"excerpt":{"rendered":"<p>[ad_1] On vous met au d\u00e9fi d&rsquo;identifier la signification de ce panneau de circulation. Voici ce que vous devriez savoir &hellip; <a href=\"http:\/\/www.affinite.fr\/index.php\/2024\/04\/06\/ce-nouveau-panneau-se-repand-en-france-et-il-arrive-ce-mois-ci-dans-le-sud\/\" class=\"more-link\">Plus <span class=\"screen-reader-text\">Ce nouveau panneau se r\u00e9pand en France et il arrive ce mois-ci dans le Sud<\/span> <span class=\"meta-nav\">&rarr;<\/span><\/a><\/p>\n","protected":false},"author":1,"featured_media":10175,"comment_status":"","ping_status":"open","sticky":false,"template":"","format":"standard","meta":{"_sitemap_exclude":false,"_sitemap_priority":"","_sitemap_frequency":"","footnotes":""},"categories":[1],"tags":[],"class_list":["post-10174","post","type-post","status-publish","format-standard","has-post-thumbnail","hentry","category-tous"],"_links":{"self":[{"href":"http:\/\/www.affinite.fr\/index.php\/wp-json\/wp\/v2\/posts\/10174"}],"collection":[{"href":"http:\/\/www.affinite.fr\/index.php\/wp-json\/wp\/v2\/posts"}],"about":[{"href":"http:\/\/www.affinite.fr\/index.php\/wp-json\/wp\/v2\/types\/post"}],"author":[{"embeddable":true,"href":"http:\/\/www.affinite.fr\/index.php\/wp-json\/wp\/v2\/users\/1"}],"replies":[{"embeddable":true,"href":"http:\/\/www.affinite.fr\/index.php\/wp-json\/wp\/v2\/comments?post=10174"}],"version-history":[{"count":0,"href":"http:\/\/www.affinite.fr\/index.php\/wp-json\/wp\/v2\/posts\/10174\/revisions"}],"wp:featuredmedia":[{"embeddable":true,"href":"http:\/\/www.affinite.fr\/index.php\/wp-json\/wp\/v2\/media\/10175"}],"wp:attachment":[{"href":"http:\/\/www.affinite.fr\/index.php\/wp-json\/wp\/v2\/media?parent=10174"}],"wp:term":[{"taxonomy":"category","embeddable":true,"href":"http:\/\/www.affinite.fr\/index.php\/wp-json\/wp\/v2\/categories?post=10174"},{"taxonomy":"post_tag","embeddable":true,"href":"http:\/\/www.affinite.fr\/index.php\/wp-json\/wp\/v2\/tags?post=10174"}],"curies":[{"name":"wp","href":"https:\/\/api.w.org\/{rel}","templated":true}]}}