{"id":10100,"date":"2024-03-06T02:47:20","date_gmt":"2024-03-06T02:47:20","guid":{"rendered":"https:\/\/www.affinite.fr\/index.php\/2024\/03\/06\/cette-nouvelle-station-de-metro-fait-polemique-une-petition-cartonne-contre-son-nom\/"},"modified":"2024-03-06T02:47:20","modified_gmt":"2024-03-06T02:47:20","slug":"cette-nouvelle-station-de-metro-fait-polemique-une-petition-cartonne-contre-son-nom","status":"publish","type":"post","link":"http:\/\/www.affinite.fr\/index.php\/2024\/03\/06\/cette-nouvelle-station-de-metro-fait-polemique-une-petition-cartonne-contre-son-nom\/","title":{"rendered":"Cette nouvelle station de m\u00e9tro fait pol\u00e9mique, une p\u00e9tition cartonne contre son nom"},"content":{"rendered":"<p> [ad_1]<br \/>\n<br \/><img decoding=\"async\" src=\"https:\/\/img-3.journaldesfemmes.fr\/4nd1Dds1K9SIAq1EdfjNg_2-58o=\/1280x\/smart\/4216944197b94c25a7f572ca092cd571\/ccmcms-jdf\/39948952.jpg\" \/><\/p>\n<p>\n                Cette ann\u00e9e, une nouvelle station de m\u00e9tro ouvrir ses portes aux voyageurs d&rsquo;Ile-de-France. Mais, d\u00e9j\u00e0, son nom est point\u00e9 du doigt. Pourquoi\u00a0?            <\/p>\n<div>\n<p>Le\u00a0m\u00e9tro parisien se refait une beaut\u00e9.\u00a0Le pharaonique projet du\u00a0Grand Paris Express pr\u00e9voit la construction de quatre nouvelles lignes de m\u00e9tro\u00a0dans la capitale (les lignes 15, 16, 17, et 18) et l&rsquo;extension de certaines lignes existantes, notamment la ligne 11. Au total, plus de 200\u00a0kilom\u00e8tres de voies seront ajout\u00e9s au r\u00e9seau m\u00e9tropolitain, desservant environ <strong>68\u00a0nouvelles stations<\/strong>. Les voyageurs d&rsquo;Ile-de-France attendent cela avec impatience ! Et pour ce qui est de la ligne 11, pas moins de 6\u00a0nouvelles stations devraient voir le jour dans\u00a0l&rsquo;Est de Paris, particuli\u00e8rement jusqu&rsquo;\u00e0 Rosny-sous-Bois, en Seine-Saint-Denis.\u00a0<\/p>\n<p>L&rsquo;une d&rsquo;entre elles, situ\u00e9e dans la ville des Lilas, fait face \u00e0 une controverse<strong>\u00a0<\/strong>depuis la r\u00e9v\u00e9lation du nom qui doit \u00eatre donn\u00e9 \u00e0 la station.\u00a0Un sujet de discorde ayant m\u00eame d\u00e9clench\u00e9\u00a0une\u00a0p\u00e9tition en ligne qui rencontre un grand succ\u00e8s&#8230;\u00a0En effet, le d\u00e9bat a \u00e9clat\u00e9 apr\u00e8s qu&rsquo;il a\u00a0\u00e9t\u00e9 d\u00e9cid\u00e9 que\u00a0la station porterait le nom d&rsquo;une figure embl\u00e9matique de la chanson fran\u00e7aise.\u00a0Ce choix a imm\u00e9diatement divis\u00e9 l&rsquo;opinion publique.\u00a0Une partie des critiques a\u00a0surtout\u00a0point\u00e9\u00a0du doigt les pol\u00e9miques autour de\u00a0la vie et de l&rsquo;\u0153uvre de l&rsquo;artiste en question : le mythique <a href=\"https:\/\/www.journaldesfemmes.fr\/people\/serge-gainsbourg\/\" title=\"Serge Gainsbourg\">Serge Gainsbourg<\/a>. Celui-ci aurait \u00e9t\u00e9 choisi en r\u00e9f\u00e9rence \u00e0 son c\u00e9l\u00e8bre titre de 1958, <em>Le Poin\u00e7onneur des Lilas<\/em>, faisant \u00e9cho \u00e0 la ville concern\u00e9e.<\/p>\n<p>\u00c0 noter que les objections majeures concernent les accusations de misogynie et de violence, exacerb\u00e9es par la chanson culte\u00a0<em>Lemon Incest<\/em>\u00a0de 1984, interpr\u00e9t\u00e9e\u00a0avec\u00a0sa fille Charlotte Gainsbourg,\u00a0alors \u00e2g\u00e9e de seulement\u00a013\u00a0ans.\u00a0<\/p>\n<p>Face \u00e0 cette annonce, une <a href=\"https:\/\/www.change.org\/p\/pour-que-la-ratp-renomme-la-future-station-de-la-ligne-11-serge-gainsbourg\" target=\"_blank\" rel=\"noopener\">p\u00e9tition<\/a> a rapidement \u00e9t\u00e9 lanc\u00e9e le 26\u00a0novembre 2023 et elle fait un carton : elle cumule \u00e0 date plus de 17 000\u00a0signatures sur un objectif de 25 000. Les signataires expriment leur opposition au nom de la station, invoquant <em>\u00ab\u00a0les violences envers les femmes et les comportements p\u00e9docriminels, voire incestueux\u00a0\u00bb<\/em> associ\u00e9s \u00e0 la figure centrale de cette pol\u00e9mique.<\/p>\n<p>Malgr\u00e9 cette p\u00e9tition populaire, l&rsquo;int\u00e9r\u00eat et l&rsquo;affection du public pour Serge Gainsbourg ne semblent pas faiblir, comme le prouve l&rsquo;engouement pour la visite de <a href=\"https:\/\/www.journaldesfemmes.fr\/people\/actus\/3162968-souvenez-le-serge-gainsbourg-est-mort-il-y-a-33-ans-mais-de-quoi\/\" target=\"_blank\" rel=\"noopener\">sa maison\u00a0parisienne<\/a>, dont la billetterie affiche complet jusqu&rsquo;en mai 2024. Cela t\u00e9moigne de la complexit\u00e9 de son h\u00e9ritage, entre admiration pour son talent d&rsquo;artiste\u00a0et les d\u00e9bats \u00e9thiques suscit\u00e9s par certains aspects de sa vie personnelle et de ses \u0153uvres. Affaire \u00e0 suivre&#8230;<\/p>\n<\/p><\/div>\n<p>[ad_2]<br \/>\n<br \/><a href=\"https:\/\/www.journaldesfemmes.fr\/societe\/actu\/3164220-nouvelle-station-de-metro-nom-polemique\/\">Source link <\/a><\/p>\n","protected":false},"excerpt":{"rendered":"<p>[ad_1] Cette ann\u00e9e, une nouvelle station de m\u00e9tro ouvrir ses portes aux voyageurs d&rsquo;Ile-de-France. Mais, d\u00e9j\u00e0, son nom est point\u00e9 &hellip; <a href=\"http:\/\/www.affinite.fr\/index.php\/2024\/03\/06\/cette-nouvelle-station-de-metro-fait-polemique-une-petition-cartonne-contre-son-nom\/\" class=\"more-link\">Plus <span class=\"screen-reader-text\">Cette nouvelle station de m\u00e9tro fait pol\u00e9mique, une p\u00e9tition cartonne contre son nom<\/span> <span class=\"meta-nav\">&rarr;<\/span><\/a><\/p>\n","protected":false},"author":1,"featured_media":10101,"comment_status":"","ping_status":"open","sticky":false,"template":"","format":"standard","meta":{"_sitemap_exclude":false,"_sitemap_priority":"","_sitemap_frequency":"","footnotes":""},"categories":[1],"tags":[],"class_list":["post-10100","post","type-post","status-publish","format-standard","has-post-thumbnail","hentry","category-tous"],"_links":{"self":[{"href":"http:\/\/www.affinite.fr\/index.php\/wp-json\/wp\/v2\/posts\/10100"}],"collection":[{"href":"http:\/\/www.affinite.fr\/index.php\/wp-json\/wp\/v2\/posts"}],"about":[{"href":"http:\/\/www.affinite.fr\/index.php\/wp-json\/wp\/v2\/types\/post"}],"author":[{"embeddable":true,"href":"http:\/\/www.affinite.fr\/index.php\/wp-json\/wp\/v2\/users\/1"}],"replies":[{"embeddable":true,"href":"http:\/\/www.affinite.fr\/index.php\/wp-json\/wp\/v2\/comments?post=10100"}],"version-history":[{"count":0,"href":"http:\/\/www.affinite.fr\/index.php\/wp-json\/wp\/v2\/posts\/10100\/revisions"}],"wp:featuredmedia":[{"embeddable":true,"href":"http:\/\/www.affinite.fr\/index.php\/wp-json\/wp\/v2\/media\/10101"}],"wp:attachment":[{"href":"http:\/\/www.affinite.fr\/index.php\/wp-json\/wp\/v2\/media?parent=10100"}],"wp:term":[{"taxonomy":"category","embeddable":true,"href":"http:\/\/www.affinite.fr\/index.php\/wp-json\/wp\/v2\/categories?post=10100"},{"taxonomy":"post_tag","embeddable":true,"href":"http:\/\/www.affinite.fr\/index.php\/wp-json\/wp\/v2\/tags?post=10100"}],"curies":[{"name":"wp","href":"https:\/\/api.w.org\/{rel}","templated":true}]}}