{"id":10083,"date":"2024-03-01T02:29:14","date_gmt":"2024-03-01T02:29:14","guid":{"rendered":"https:\/\/www.affinite.fr\/index.php\/2024\/03\/01\/les-enfoires-on-a-35-ans-mais-ou-est-passee-mimie-mathy-sa-sante-au-coeur-de-vives-inquietudes\/"},"modified":"2024-03-01T02:29:14","modified_gmt":"2024-03-01T02:29:14","slug":"les-enfoires-on-a-35-ans-mais-ou-est-passee-mimie-mathy-sa-sante-au-coeur-de-vives-inquietudes","status":"publish","type":"post","link":"http:\/\/www.affinite.fr\/index.php\/2024\/03\/01\/les-enfoires-on-a-35-ans-mais-ou-est-passee-mimie-mathy-sa-sante-au-coeur-de-vives-inquietudes\/","title":{"rendered":"Les Enfoir\u00e9s, On a 35\u00a0ans\u00a0! Mais o\u00f9 est pass\u00e9e Mimie Mathy\u00a0? Sa sant\u00e9 au coeur de vives inqui\u00e9tudes"},"content":{"rendered":"<p> [ad_1]<br \/>\n<br \/><img decoding=\"async\" src=\"https:\/\/img-3.journaldesfemmes.fr\/_6AfGfd-mrqViZag0EOIsJNasVM=\/1280x\/smart\/a8bfbb0e579f4e52a931d15cb62f840a\/ccmcms-jdf\/39950038.jpg\" \/><\/p>\n<p>\n                C&rsquo;est ce 1er mars que TF1\u00a0diffuse le spectacle \u00ab\u00a0Les Enfoir\u00e9s, On a 35\u00a0ans\u00a0!\u00a0\u00bb et une cruelle absence se fait sentir\u00a0: celle de Mimie Mathy. La marraine de la troupe a des probl\u00e8mes de sant\u00e9. Est-ce grave\u00a0?            <\/p>\n<div>\n<p>L&rsquo;\u00e9dition 2024 du show de la troupe <a href=\"https:\/\/www.journaldesfemmes.fr\/people\/rendez-vous\/2776847-enfoires-2024-mimie-mathy-concerts-toutes-les-infos\/\" title=\"Spectacle des Enfoir\u00e9s\">Les Enfoir\u00e9s<\/a>, au profit des Restos du Coeur, c&rsquo;est ce vendredi 1er mars sur TF1. Pas moins de 47 artistes sont attendus sur sc\u00e8ne &#8211; les concerts ont \u00e9t\u00e9 enregistr\u00e9s \u00e0 Bordeaux en janvier dernier &#8211; mais, malheureusement, les t\u00e9l\u00e9spectateurs <strong>ne pourront pas retrouver une fid\u00e8le parmi les fid\u00e8les<\/strong> : <a href=\"https:\/\/www.journaldesfemmes.fr\/people\/personnalites\/2633937-mimie-mathy-secrets-josephine-ange-gardien-amour-couple-mari-famille\/\" title=\"Mich\u00e8le Mathy\">Mimie Mathy<\/a>.<\/p>\n<h2>Mimie Mathy absente : pourquoi ?<\/h2>\n<p>La com\u00e9dienne star de la s\u00e9rie\u00a0<em>Jos\u00e9phine, ange gardien <\/em>a de graves probl\u00e8mes de sant\u00e9. La productrice du spectacle,\u00a0Anne Marcassus, s&rsquo;est content\u00e9e de donner comme raison \u00e0 cette absence\u00a0un \u00ab\u00a0<strong><em>emp\u00eachement personnel<\/em><\/strong>\u00ab\u00a0, a-t-elle dit \u00e0 <em>Purem\u00e9dias<\/em>. L\u00e9ger comme justificatif&#8230; Tout porte \u00e0 croire que Mimie Mathy a surtout des soucis de sant\u00e9, peut-\u00eatre li\u00e9s \u00e0 des difficult\u00e9s post-op\u00e9ratoires. Il faut dire que la com\u00e9dienne aujourd&rsquo;hui \u00e2g\u00e9e de 66 ans a <strong>subi pas moins\u00a0de\u00a0quatre interventions chirurgicales pour soigner ses hernies discales<\/strong>, en d\u00e9cembre 2023, soit un mois avant les repr\u00e9sentations des Enfoir\u00e9s.\u00a0\u00ab\u00a0<em>J&rsquo;avais le syndrome de la queue-de-cheval qui fait que tous les nerfs se coincent et qui est li\u00e9 \u00e0 ma configuration un peu originale<\/em>\u00ab\u00a0, a confi\u00e9 la star \u00e0\u00a0<em>TV Magazine<\/em>.<\/p>\n<p>Mimie Mathy, qui avait d\u00e9j\u00e0 rat\u00e9 le show des Enfoir\u00e9s il y a deux ans, est la marraine de la troupe depuis 2008. Aujourd&rsquo;hui, elle confirme qu&rsquo;elle ne peut pas \u00ab\u00a0<em>courir comme une gazelle<\/em>\u00a0\u00bb et a parfois <strong>besoin de se d\u00e9placer en fauteuil roulant<\/strong>. Mais elle va \u00ab\u00a0<em>bien<\/em>\u00ab\u00a0.<\/p>\n<h2>Mimie Mathy \u00e0 l&rsquo;article de la mort ? Son coup de gueule<\/h2>\n<p>La com\u00e9dienne et humoriste, cible r\u00e9guli\u00e8re de rumeurs sur son suppos\u00e9 comportement odieux loin des cam\u00e9ras, a bris\u00e9 le silence sur son \u00e9tat de sant\u00e9 le 6 f\u00e9vrier sur son compte Twitter. \u00ab\u00a0<em>\u00c0 tous ceux qui ne croient pas les conneries \u00e9crites dans la presse ou sur les r\u00e9seaux. MERCI. \u00c0 tous les autres qui me voient <strong>moribonde, paralys\u00e9e ou m\u00eame morte<\/strong>, je vous rassure, je vais plut\u00f4t bien<\/em>\u00ab\u00a0, a-t-elle\u00a0\u00e9crit en l\u00e9gende d&rsquo;une photo d&rsquo;elle\u00a0au\u00a0c\u00f4t\u00e9\u00a0de son mari, Benoist G\u00e9rard.<\/p>\n<p>Tr\u00e8s remont\u00e9e, Mimie Mathy avait assur\u00e9 \u00eatre pr\u00eate \u00e0 reprendre les tournages de <em>Jos\u00e9phine<\/em> au plus vite. \u00ab\u00a0<em>Alors s&rsquo;il vous pla\u00eet, arr\u00eatez de raconter n&rsquo;importe quoi et v\u00e9rifiez vos infos. Et si jamais vous avez envie de faire votre boulot correctement, contactez mon producteur, mon attach\u00e9 de presse ou mon agent avant d&rsquo;\u00e9crire n&rsquo;importe quoi<\/em>\u00ab\u00a0, ajoutait l&rsquo;actrice ador\u00e9e des Fran\u00e7ais.<\/p>\n<\/p><\/div>\n<p>[ad_2]<br \/>\n<br \/><a href=\"https:\/\/www.journaldesfemmes.fr\/people\/actus\/3165274-enfoires-on-a-35-ans-mais-ou-est-passee-mimie-mathy-sa-sante-au-coeur-de-vives-inquietudes\/\">Source link <\/a><\/p>\n","protected":false},"excerpt":{"rendered":"<p>[ad_1] C&rsquo;est ce 1er mars que TF1\u00a0diffuse le spectacle \u00ab\u00a0Les Enfoir\u00e9s, On a 35\u00a0ans\u00a0!\u00a0\u00bb et une cruelle absence se fait &hellip; <a href=\"http:\/\/www.affinite.fr\/index.php\/2024\/03\/01\/les-enfoires-on-a-35-ans-mais-ou-est-passee-mimie-mathy-sa-sante-au-coeur-de-vives-inquietudes\/\" class=\"more-link\">Plus <span class=\"screen-reader-text\">Les Enfoir\u00e9s, On a 35\u00a0ans\u00a0! Mais o\u00f9 est pass\u00e9e Mimie Mathy\u00a0? Sa sant\u00e9 au coeur de vives inqui\u00e9tudes<\/span> <span class=\"meta-nav\">&rarr;<\/span><\/a><\/p>\n","protected":false},"author":1,"featured_media":10084,"comment_status":"","ping_status":"open","sticky":false,"template":"","format":"standard","meta":{"_sitemap_exclude":false,"_sitemap_priority":"","_sitemap_frequency":"","footnotes":""},"categories":[1],"tags":[],"class_list":["post-10083","post","type-post","status-publish","format-standard","has-post-thumbnail","hentry","category-tous"],"_links":{"self":[{"href":"http:\/\/www.affinite.fr\/index.php\/wp-json\/wp\/v2\/posts\/10083"}],"collection":[{"href":"http:\/\/www.affinite.fr\/index.php\/wp-json\/wp\/v2\/posts"}],"about":[{"href":"http:\/\/www.affinite.fr\/index.php\/wp-json\/wp\/v2\/types\/post"}],"author":[{"embeddable":true,"href":"http:\/\/www.affinite.fr\/index.php\/wp-json\/wp\/v2\/users\/1"}],"replies":[{"embeddable":true,"href":"http:\/\/www.affinite.fr\/index.php\/wp-json\/wp\/v2\/comments?post=10083"}],"version-history":[{"count":0,"href":"http:\/\/www.affinite.fr\/index.php\/wp-json\/wp\/v2\/posts\/10083\/revisions"}],"wp:featuredmedia":[{"embeddable":true,"href":"http:\/\/www.affinite.fr\/index.php\/wp-json\/wp\/v2\/media\/10084"}],"wp:attachment":[{"href":"http:\/\/www.affinite.fr\/index.php\/wp-json\/wp\/v2\/media?parent=10083"}],"wp:term":[{"taxonomy":"category","embeddable":true,"href":"http:\/\/www.affinite.fr\/index.php\/wp-json\/wp\/v2\/categories?post=10083"},{"taxonomy":"post_tag","embeddable":true,"href":"http:\/\/www.affinite.fr\/index.php\/wp-json\/wp\/v2\/tags?post=10083"}],"curies":[{"name":"wp","href":"https:\/\/api.w.org\/{rel}","templated":true}]}}