{"id":10079,"date":"2024-02-29T02:28:07","date_gmt":"2024-02-29T02:28:07","guid":{"rendered":"https:\/\/www.affinite.fr\/index.php\/2024\/02\/29\/carla-bruni-a-mis-la-main-sur-le-vetement-que-toutes-les-fashionistas-porteront-aux-beaux-jours\/"},"modified":"2024-02-29T02:28:07","modified_gmt":"2024-02-29T02:28:07","slug":"carla-bruni-a-mis-la-main-sur-le-vetement-que-toutes-les-fashionistas-porteront-aux-beaux-jours","status":"publish","type":"post","link":"http:\/\/www.affinite.fr\/index.php\/2024\/02\/29\/carla-bruni-a-mis-la-main-sur-le-vetement-que-toutes-les-fashionistas-porteront-aux-beaux-jours\/","title":{"rendered":"Carla Bruni a mis la main sur le v\u00eatement que toutes les fashionistas porteront aux beaux jours"},"content":{"rendered":"<p> [ad_1]<br \/>\n<\/p>\n<p>\n                Catherine Deneuve, Charlotte Gainsbourg, Philippine Leroy-Beaulieu, Virginie Efira&#8230; Les stars \u00e9taient nombreuses au d\u00e9fil\u00e9 Saint Laurent organis\u00e9 le 27\u00a0f\u00e9vrier 2024. Le front row comptait aussi une ex-premi\u00e8re dame, Carla Bruni.            <\/p>\n<div>\n<aside class=\"ccmsummary marqueur_module ccmcss_cms_summary ccmcss_cms_summary--right\"><lt-highlighter contenteditable=\"false\" data-lt-linked=\"1\" style=\"display: none;\"><lt-div class=\"lt-highlighter__wrapper\" spellcheck=\"false\" style=\"width: 350px !important; height: 16px !important; transform: none !important; transform-origin: 175px 8px !important; zoom: 1 !important;\"><lt-div class=\"lt-highlighter__scroll-element\" style=\"top: 0px !important; left: 0px !important; width: 350px !important; height: 18px !important;\"\/><\/lt-div><\/lt-highlighter><\/p>\n<p>Sommaire<\/p>\n<\/aside>\n<p><span style=\"font-size: 16px;\"><b>Carla Bruni\u00a0<\/b>ne rate pas un d\u00e9fil\u00e9 Saint Laurent. La chanteuse faisait partie des invit\u00e9-e-s d&rsquo;Anthony Vaccarello, le directeur artistique de la maison, lors du show automne-hiver 2024-2025 qui s&rsquo;est tenu dans les jardins du Trocad\u00e9ro.\u00a0<\/span><\/p>\n<figure class=\"image\" style=\"float:right\"><a class=\"fancy\" href=\"https:\/\/img-3.journaldesfemmes.fr\/-8YMQz4OSnI2PDYJnOE46_qQQrA=\/1080x\/smart\/dd6e2436ba974bbc9d548840c8560d00\/ccmcms-jdf\/39949374.jpg\"><img decoding=\"async\" alt=\"carla-bruni-saint-laurent\" src=\"https:\/\/img-3.journaldesfemmes.fr\/LUB7Eds3ZJNWCtS09woZQtFkPdc=\/300x\/smart\/dd6e2436ba974bbc9d548840c8560d00\/ccmcms-jdf\/39949374.jpg\"\/><\/a><figcaption data-credit=\"ABACA\" data-legend=\"Carla Bruni au d\u00e9fil\u00e9 Saint Laurent automne-hiver 2024-2025\">Carla Bruni au d\u00e9fil\u00e9 Saint Laurent automne-hiver 2024-2025 <small>\u00a9\u00a0ABACA<\/small><\/figcaption><\/figure>\n<p>Pour d\u00e9couvrir les nouvelles cr\u00e9ations de la griffe, Carla Bruni avait mis\u00e9 sur une combipantalon kaki.\u00a0Elle avait accessoiris\u00e9 la pi\u00e8ce d&rsquo;une ceinture qui marquait sa taille, d&rsquo;escarpins vernis \u00e0 bouts pointus, de gants en cuir et de lunettes de soleil XXL.\u00a0Une silhouette en avance sur les tendances, puisque la combi est l&rsquo;une des pi\u00e8ces phare du printemps.<\/p>\n<p><span style=\"font-size: 1rem;\">Franco-italienne n\u00e9e \u00e0 Turin, <\/span><strong style=\"font-size: 1rem;\">Carla Bruni <\/strong><span style=\"font-size: 1rem;\">commence toute jeune sa carri\u00e8re dans le mannequinat, \u00e0 19\u00a0ans. \u00c9rig\u00e9e au rang de top model \u00e0 l&rsquo;aube des ann\u00e9es 90, elle d\u00e9file alors pour les plus grandes marques de mode et voyage dans le monde entier pour fouler les podiums. Lorsqu&rsquo;elle raccroche les talons aiguilles, Carla Bruni se lance dans la chanson avec un premier album sorti en 2002, non sans arborer <\/span><strong style=\"font-size: 1rem;\">un style toujours impeccable<\/strong><span style=\"font-size: 1rem;\">. Puis, elle devient premi\u00e8re dame fran\u00e7aise sous le mandat de <a href=\"https:\/\/www.journaldesfemmes.fr\/people\/nicolas-sarkozy\/\" title=\"Nicolas Sarkozy\">Nicolas Sarkozy<\/a>. Alors, des tapis rouges \u00e0 l&rsquo;\u00c9lys\u00e9e, d\u00e9cryptage d&rsquo;une allure reconnaissable entre toutes.<\/span><\/p>\n<figure class=\"image\" style=\"float:left\"><a class=\"fancy\" href=\"https:\/\/img-3.journaldesfemmes.fr\/8VzS4iUMIn0AYCZsn2zC87xhmAU=\/1080x\/smart\/7f32b95ccbc4448c949ea736e39ffa1b\/ccmcms-jdf\/37122271.jpg\"><img decoding=\"async\" alt=\"carla-bruni-defile-christian-dior-1995\" src=\"https:\/\/img-3.journaldesfemmes.fr\/FIgSBI4isc7LqcJgjBoV9RkUkSM=\/300x\/smart\/7f32b95ccbc4448c949ea736e39ffa1b\/ccmcms-jdf\/37122271.jpg\"\/><\/a><figcaption data-credit=\"Zuma\/ABACA\" data-legend=\"Carla Bruni au d\u00e9fil\u00e9 Christian Dior automne-hiver 1995\">Carla Bruni au d\u00e9fil\u00e9 Christian Dior automne-hiver 1995 <small>\u00a9\u00a0Zuma\/ABACA<\/small><\/figcaption><\/figure>\n<h2 id=\"le-style-de-carla-bruni-quand-elle-etait-mannequin\">\u00c0 quoi ressemblait le style de Carla Bruni quand elle \u00e9tait mannequin ?<\/h2>\n<p>Sur le catwalk, impossible de passer \u00e0 c\u00f4t\u00e9 de <strong>la silhouette \u00e9lanc\u00e9e de Carla Bruni<\/strong>.\u00a0Son m\u00e8tre 75\u00a0et ses proportions fascinantes (86-61-89)\u00a0font d&rsquo;elle une figure incontournable du mannequinat. On la voit alors d\u00e9filer aux c\u00f4t\u00e9s des tops des <a href=\"https:\/\/www.journaldesfemmes.fr\/mode\/conseils-mode\/2648337-style-annees-90-looks-mode\/\" title=\"Style ann\u00e9es 1990\">ann\u00e9es 1990<\/a>\u00a0affubl\u00e9e de toutes sortes de cr\u00e9ations, des micro maillots de Karl Lagerfeld pour Chanel aux tenues ultra sensuelles de Versace. Hors des catwalks, elle n&rsquo;h\u00e9site pas non plus \u00e0 mettre son corps en valeur, mais reste plus sobre. Longues robes moulantes, dos nu ou d\u00e9collet\u00e9s subliment ses formes\u00a0lors des soir\u00e9es du gotha pass\u00e9es aux bras de ses amies mannequins, Naomi Campbell, Cindy Crawford et Claudia Schiffer.\u00a0<\/p>\n<h2 id=\"le-style-de-carla-bruni-quand-elle-a-commence-sa-carriere-de-chanteuse\">Quel \u00e9tait le style de Carla Bruni quand elle a commenc\u00e9 sa carri\u00e8re de chanteuse ?<\/h2>\n<p>Au placard, les stilettos\u00a0! Carla Bruni sort\u00a0<em>Quelqu&rsquo;un m&rsquo;a dit<\/em> en 2002, soit deux ans apr\u00e8s avoir sign\u00e9 une poign\u00e9e de chansons pour Julien Clerc. Elle appara\u00eet alors sous un nouveau jour.\u00a0Ce premier album, qui conjugue des paroles tendres presque\u00a0murmur\u00e9es au son \u00e9pur\u00e9 d&rsquo;une guitare, s&rsquo;assortit d&rsquo;un nouveau dress code tout aussi minimaliste. Un T-shirt, une chemise blanche, une maille fine, un jean et parfois, sur sc\u00e8ne, une veste composent ce vestiaire <em>less is more<\/em>. Ce style casual ne la quittera plus, dans son quotidien\u00a0comme dans sa vie d&rsquo;artiste.<\/p>\n<figure class=\"image\" style=\"float:right\"><a class=\"fancy\" href=\"https:\/\/img-3.journaldesfemmes.fr\/iO1mOIRdA8Z5XpRQvRNavdlgHs0=\/1080x\/smart\/39ccf5db6e4b4c7ebd84040d9660f750\/ccmcms-jdf\/37122363.jpg\"><img decoding=\"async\" alt=\"carla-bruni-look-premiere-dame\" src=\"https:\/\/img-3.journaldesfemmes.fr\/m-HTV_G1bfXUld4fIVtyL0Z6ScM=\/300x\/smart\/39ccf5db6e4b4c7ebd84040d9660f750\/ccmcms-jdf\/37122363.jpg\"\/><\/a><figcaption data-credit=\"ABACA\" data-legend=\"Carla Bruni \u00e0 l'Elys\u00e9e en juillet 2008\">Carla Bruni \u00e0 l&rsquo;Elys\u00e9e en juillet 2008 <small>\u00a9\u00a0ABACA<\/small><\/figcaption><\/figure>\n<h2 id=\"le-style-de-premiere-dame-de-carla-bruni\">Comment s&rsquo;habillait Carla Bruni lorsqu&rsquo;elle \u00e9tait premi\u00e8re dame ?<\/h2>\n<p>En novembre 2007, Carla Bruni fait la rencontre qui va changer sa vie. C&rsquo;est lors d&rsquo;un d\u00eener organis\u00e9 par <strong>Jacques S\u00e9gu\u00e9la<\/strong> qu&rsquo;elle croise le chemin de <strong>Nicolas Sarkozy<\/strong>. C&rsquo;est le coup de foudre\u00a0: ils se disent oui un an plus tard \u00e0 l&rsquo;\u00c9lys\u00e9e, lors de noces tr\u00e8s discr\u00e8tes. Tout comme sa robe de mari\u00e9e, dont on a pu apercevoir le buste immacul\u00e9 dans le documentaire <em>\u00c9lys\u00e9e<\/em>. Lorsqu&rsquo;elle devient premi\u00e8re dame, elle adopte une allure plus classique,\u00a0entre modernit\u00e9 et protocole. La chanteuse reste fid\u00e8le \u00e0 son uniforme du quotidien pour les sorties sur le terrain.\u00a0Le soir, l&rsquo;ex-mannequin brille dans de longues robes qui lui vont \u00e0 ravir, agr\u00e9ment\u00e9es de petits talons sign\u00e9s le\u00a0plus souvent <a href=\"https:\/\/www.journaldesfemmes.fr\/mode\/conseils-mode\/2841792-christian-louboutin\/\" title=\"Louboutin\">Christian Louboutin<\/a>. En cas de rencontre au sommet ou d&rsquo;\u00e9v\u00e9nement solennel, c&rsquo;est au style Jackie Kennedy qu&rsquo;elle emprunte les codes du look formel avec tailleur et <a href=\"https:\/\/www.journaldesfemmes.fr\/mode\/conseils-mode\/2843715-comment-porter-la-ballerine-repbnl\/\" title=\"Ballerine (chaussure)\">ballerines<\/a>. Une panoplie qu&rsquo;elle laissera de c\u00f4t\u00e9 \u00e0 la sortie de l&rsquo;\u00c9lys\u00e9e pour retrouver son \u00e9l\u00e9gance simple et sans chichis.<\/p>\n<h2 id=\"carla-bruni-et-la-mode-aujourdhui\">Comment Carla Bruni s&rsquo;habille-t-elle aujourd&rsquo;hui ?<\/h2>\n<p>Depuis qu&rsquo;elle a quitt\u00e9 le palais de l&rsquo;\u00c9lys\u00e9e, Carla Bruni s&rsquo;est engag\u00e9e aupr\u00e8s de nombreuses associations. Si bien qu&rsquo;en avril 2009, elle a cr\u00e9\u00e9 la <strong>fondation <a href=\"https:\/\/www.journaldesfemmes.fr\/people\/carla-bruni-sarkozy\/\" title=\"Carla Bruni Sarkozi\">Carla Bruni-Sarkozy<\/a><\/strong>, qui lutte pour l&rsquo;acc\u00e8s \u00e0 la culture et \u00e0 la connaissance de toutes et tous. Lorsqu&rsquo;elle n&rsquo;est pas ambassadrice pour diverses causes, elle assiste aux plus grands d\u00e9fil\u00e9s de mode et pose en une des magazines f\u00e9minins. L\u00e0 encore, ses looks se veulent assagis, plus sobres, mais toujours glamour \u00e0 souhait.<\/p>\n<h2 id=\"a-quoi-ressemblent-ses-looks-casual-favoris\">\u00c0 quoi ressemblent ses looks casual favoris\u00a0?<\/h2>\n<p>Au fil des ann\u00e9es, elle d\u00e9voile <strong>un uniforme <\/strong>qu&rsquo;elle semble avoir pens\u00e9 sur-mesure\u00a0: un jean, un T-shirt et un blazer. Ses ann\u00e9es mannequins sont d\u00e9sormais loin derri\u00e8re elle, m\u00eame si elle a \u00e0 nouveau d\u00e9fil\u00e9 pour Versace en 2017 et Tod&rsquo;s. Elle peut aussi compter sur son fils, Aur\u00e9lien Enthoven, pour prendre la rel\u00e8ve. Le jeune homme, n\u00e9 en 2001, s&rsquo;est fait remarquer par la sph\u00e8re mode en d\u00e9filant, en juin 2022, pour Versace lors de la Fashion week de Milan, puis pour Saint Laurent dans le d\u00e9sert marocain quelques semaines apr\u00e8s.\u00a0<\/p>\n<p>Rien de plus simple (litt\u00e9ralement). Chez Carla Bruni, pas trop de couleurs et de motifs. L&rsquo;ex-premi\u00e8re dame pr\u00e9f\u00e8re les teintes plus naturelles et les v\u00eatements bien coup\u00e9s. Des jeans flare et des pulls aux tons neutres, de longues robes noires, des vestes de costume port\u00e9es sur des pantalons en cuir\u2026 Parmi ses marques pr\u00e9f\u00e9r\u00e9es, le label <strong>Ami<\/strong> dont elle ne rate jamais aucun d\u00e9fil\u00e9.<\/p>\n<p><lt-toolbar contenteditable=\"false\" data-lt-adjust-appearance=\"true\" data-lt-force-appearance=\"light\" style=\"display: none;\"><lt-div class=\"lt-toolbar__wrapper lt-toolbar__wrapper-hide\"><lt-div class=\"lt-toolbar__status-icon lt-toolbar__status-icon--has-no-errors\" title=\"\"\/><lt-div class=\"lt-toolbar__premium-icon-dot\"\/><\/lt-div><\/lt-toolbar><\/p><\/div>\n<p>[ad_2]<br \/>\n<br \/><a href=\"https:\/\/www.journaldesfemmes.fr\/mode\/styles-de-people\/2837091-carla-bruni-a-mis-la-main-sur-le-vetement-que-toutes-les-fashionistas-porteront-aux-beaux-jours\/\">Source link <\/a><\/p>\n","protected":false},"excerpt":{"rendered":"<p>[ad_1] Catherine Deneuve, Charlotte Gainsbourg, Philippine Leroy-Beaulieu, Virginie Efira&#8230; Les stars \u00e9taient nombreuses au d\u00e9fil\u00e9 Saint Laurent organis\u00e9 le 27\u00a0f\u00e9vrier &hellip; <a href=\"http:\/\/www.affinite.fr\/index.php\/2024\/02\/29\/carla-bruni-a-mis-la-main-sur-le-vetement-que-toutes-les-fashionistas-porteront-aux-beaux-jours\/\" class=\"more-link\">Plus <span class=\"screen-reader-text\">Carla Bruni a mis la main sur le v\u00eatement que toutes les fashionistas porteront aux beaux jours<\/span> <span class=\"meta-nav\">&rarr;<\/span><\/a><\/p>\n","protected":false},"author":1,"featured_media":10080,"comment_status":"","ping_status":"open","sticky":false,"template":"","format":"standard","meta":{"_sitemap_exclude":false,"_sitemap_priority":"","_sitemap_frequency":"","footnotes":""},"categories":[1],"tags":[],"class_list":["post-10079","post","type-post","status-publish","format-standard","has-post-thumbnail","hentry","category-tous"],"_links":{"self":[{"href":"http:\/\/www.affinite.fr\/index.php\/wp-json\/wp\/v2\/posts\/10079"}],"collection":[{"href":"http:\/\/www.affinite.fr\/index.php\/wp-json\/wp\/v2\/posts"}],"about":[{"href":"http:\/\/www.affinite.fr\/index.php\/wp-json\/wp\/v2\/types\/post"}],"author":[{"embeddable":true,"href":"http:\/\/www.affinite.fr\/index.php\/wp-json\/wp\/v2\/users\/1"}],"replies":[{"embeddable":true,"href":"http:\/\/www.affinite.fr\/index.php\/wp-json\/wp\/v2\/comments?post=10079"}],"version-history":[{"count":0,"href":"http:\/\/www.affinite.fr\/index.php\/wp-json\/wp\/v2\/posts\/10079\/revisions"}],"wp:featuredmedia":[{"embeddable":true,"href":"http:\/\/www.affinite.fr\/index.php\/wp-json\/wp\/v2\/media\/10080"}],"wp:attachment":[{"href":"http:\/\/www.affinite.fr\/index.php\/wp-json\/wp\/v2\/media?parent=10079"}],"wp:term":[{"taxonomy":"category","embeddable":true,"href":"http:\/\/www.affinite.fr\/index.php\/wp-json\/wp\/v2\/categories?post=10079"},{"taxonomy":"post_tag","embeddable":true,"href":"http:\/\/www.affinite.fr\/index.php\/wp-json\/wp\/v2\/tags?post=10079"}],"curies":[{"name":"wp","href":"https:\/\/api.w.org\/{rel}","templated":true}]}}