{"id":10075,"date":"2024-02-28T02:23:17","date_gmt":"2024-02-28T02:23:17","guid":{"rendered":"https:\/\/www.affinite.fr\/index.php\/2024\/02\/28\/le-nouveau-look-de-vittoria-de-savoie-un-cardigan-cosy-et-puis-cest-tout\/"},"modified":"2024-02-28T02:23:17","modified_gmt":"2024-02-28T02:23:17","slug":"le-nouveau-look-de-vittoria-de-savoie-un-cardigan-cosy-et-puis-cest-tout","status":"publish","type":"post","link":"http:\/\/www.affinite.fr\/index.php\/2024\/02\/28\/le-nouveau-look-de-vittoria-de-savoie-un-cardigan-cosy-et-puis-cest-tout\/","title":{"rendered":"Le nouveau look de Vittoria de Savoie\u00a0? Un cardigan cosy et puis c&rsquo;est tout"},"content":{"rendered":"<p> [ad_1]<br \/>\n<\/p>\n<p>\n                La princesse Vittoria de Savoie s&rsquo;offre une nouvelle couverture de magazine. Elle y pose dans un ensemble ultra confortable.            <\/p>\n<div>\n<aside class=\"ccmsummary marqueur_module ccmcss_cms_summary ccmcss_cms_summary--right\">\n<p>Sommaire<\/p>\n<p><lt-highlighter contenteditable=\"false\" data-lt-linked=\"1\" style=\"display: none;\"><lt-div class=\"lt-highlighter__wrapper\" spellcheck=\"false\" style=\"width: 314.292px !important; height: 87.7917px !important; transform: none !important; transform-origin: 157.146px 43.8958px !important; zoom: 1 !important; margin-top: 3px !important;\"><lt-div class=\"lt-highlighter__scroll-element\" style=\"top: 0px !important; left: 0px !important; width: 314px !important; height: 87.7917px !important;\"\/><\/lt-div><\/lt-highlighter><\/p>\n<\/aside>\n<p>Entre deux d\u00e9fil\u00e9s, <strong>Vittoria de Savoie <\/strong>a trouv\u00e9 un peu de temps pour se faire photographier par les \u00e9quipes du magazine espagnol\u00a0<em><strong>Yo Dona<\/strong><\/em>. Rayonnante, elle arbore un look monochrome et douillet en couverture du titre.<\/p>\n<p><span style=\"font-size: 1rem;\">Et c&rsquo;est bien \u00e9videmment dans une tenue sign\u00e9e <a href=\"https:\/\/www.journaldesfemmes.fr\/mode\/conseils-mode\/2806763-michael-kors-createur-americain\/\" title=\"Michael Kors\">Michael Kors<\/a>, l&rsquo;une de ses\u00a0griffes favorites, que la princesse a \u00e9t\u00e9 immortalis\u00e9e. Son ensemble, choisi avec soin\u00a0par la styliste am\u00e9ricaine\u00a0<\/span>Ashley Afriyie,<span style=\"font-size: 1rem;\">\u00a0est compos\u00e9 d&rsquo;un top \u00e0 bretelles, d&rsquo;un cardigan en <strong>grosses mailles camel,<\/strong> et c&rsquo;est tout<strong> <\/strong>!\u00a0Un look ultra cosy, id\u00e9al pour attendre le retour des beaux jours.\u00a0<\/span><\/p>\n<p><span style=\"font-size: 1rem;\">Princesse de Carignan et marquise d&rsquo;Ivr\u00e9e, Vittoria de Savoie est, semble-t-il, n\u00e9e sous une bonne \u00e9toile. La fille d&rsquo;<\/span><strong style=\"font-size: 1rem;\">Emmanuel-Philibert de Savoie et de <a href=\"https:\/\/www.journaldesfemmes.fr\/people\/personnalites\/2909267-clotilde-courau-age-mari-filles-ou-vit-elle\/\" title=\"Clotilde Courau\">Clotilde Courau<\/a><\/strong><span style=\"font-size: 1rem;\">, n\u00e9e le 28\u00a0d\u00e9cembre 2003, s&rsquo;est lanc\u00e9e dans une carri\u00e8re de mannequin prometteuse, en attendant, peut-\u00eatre un jour, d&rsquo;acc\u00e9der au tr\u00f4ne d&rsquo;Italie.\u00a0Focus sur son style, au quotidien et lors d&rsquo;\u00e9v\u00e9nements officiels prestigieux.<\/span><\/p>\n<figure class=\"image\" style=\"float:right\"><a class=\"fancy\" href=\"https:\/\/img-3.journaldesfemmes.fr\/36z-nTN75RA3YfGWMfT6MTYVo-8=\/1080x\/smart\/b4cd3f3351c0460090dd49f91f1a361f\/ccmcms-jdf\/39925751.jpg\"><img decoding=\"async\" alt=\"vittoria-de-savoie-michael-kors\" src=\"https:\/\/img-3.journaldesfemmes.fr\/eHydMv4cBAD9YZn4CoF5BO_gXoI=\/300x\/smart\/6bd6f779fe2d4ed2a9e86e003c77e9e7\/ccmcms-jdf\/39925752.jpg\"\/><\/a><lt-highlighter contenteditable=\"false\" data-lt-linked=\"1\" style=\"display: none; z-index: 2 !important;\"><lt-div class=\"lt-highlighter__wrapper\" spellcheck=\"false\" style=\"width: 300px !important; height: 72.5px !important; transform: none !important; transform-origin: 150px 36.25px !important; zoom: 1 !important; margin-top: -72.5px !important;\"><lt-div class=\"lt-highlighter__scroll-element\" style=\"top: 0px !important; left: 0px !important; width: 300px !important; height: 72.5px !important;\"><canvas class=\"lt-highlighter__canvas\" height=\"17\" style=\"display: none; top: 28px !important; left: 161px !important;\" width=\"46\"\/><\/lt-div><\/lt-div><\/lt-highlighter><figcaption data-credit=\"Marcus Dawes\/Michael Kors\" data-gramm=\"false\" data-legend=\"Vittoria de Savoie dans une robe ajour\u00e9e Michael Kors\" data-lt-tmp-id=\"lt-396743\" spellcheck=\"false\">Vittoria de Savoie dans une robe ajour\u00e9e Michael Kors <small>\u00a9\u00a0Marcus Dawes\/Michael Kors<\/small><\/figcaption><\/figure>\n<p>Vittoria de Savoie est de la g\u00e9n\u00e9ration Z \u2014 et cela se ressent dans les tenues qu&rsquo;elle choisit de porter au quotidien. Jean qui descend l\u00e9g\u00e8rement sur les hanches, grosses lunettes noires \u00e0 fine monture et T-shirt \u00e0 logo\u00a0: la princesse adopte la tendance\u00a0Y2K aussi cool que confortable, inspir\u00e9e d&rsquo;ic\u00f4nes telles que Bella Hadid et\u00a0Hailey Bieber. Elle opte \u00e9galement pour de longues robes fluides imprim\u00e9es pendant les vacances, ou twiste un short en coton \u00e0 petits cochons roses avec des santiags. Un seul mot d&rsquo;ordre\u00a0: la spontan\u00e9it\u00e9.<\/p>\n<h2 id=\"a-quoi-ressemblent-ses-tenues-lors-des-evenements-officiels-\">\u00c0 quoi ressemblent ses tenues lors des \u00e9v\u00e9nements officiels ?<\/h2>\n<p>Pour fouler le tapis rouge ou d\u00e9couvrir un d\u00e9fil\u00e9 au premier rang, Vittoria de Savoie n&rsquo;h\u00e9site pas \u00e0 chausser des talons hauts, qu&rsquo;elle porte avec des tenues bien dans l&rsquo;air du temps. Une veste de costume avec un short assorti chez <a href=\"https:\/\/www.journaldesfemmes.fr\/mode\/conseils-mode\/2699041-valentino-garavani-maitre-du-glamour-a-l-italienne\/\" title=\"Valentino Garavani\">Valentino<\/a>, ou encore une robe brod\u00e9e de brillants chez Michael Kors. Si elle a longtemps accompagn\u00e9 sa m\u00e8re, Clotilde Courau, lors de ces \u00e9v\u00e9nements, elle est de plus en plus aper\u00e7ue seule.<\/p>\n<figure class=\"image\" style=\"float:left\"><a class=\"fancy\" href=\"https:\/\/img-3.journaldesfemmes.fr\/C9pDqzXb6bHXz8gr-lWeNX6Alts=\/1080x\/smart\/022ea723d9c347acb756ba1d6a27a630\/ccmcms-jdf\/39925285.jpg\"><img decoding=\"async\" alt=\"clotilde-courau-vittoria-de-savoie\" src=\"https:\/\/img-3.journaldesfemmes.fr\/FHlOTfEniIyRVqCEd-cNRxVK10U=\/300x\/smart\/1e65b272c2804927b7d0d1408243f4e8\/ccmcms-jdf\/39925286.jpg\"\/><\/a><lt-highlighter contenteditable=\"false\" data-lt-linked=\"1\" style=\"display: none; z-index: 2 !important;\"><lt-div class=\"lt-highlighter__wrapper\" spellcheck=\"false\" style=\"width: 300px !important; height: 107.5px !important; transform: none !important; transform-origin: 150px 53.75px !important; zoom: 1 !important; margin-top: -107.5px !important;\"><lt-div class=\"lt-highlighter__scroll-element\" style=\"top: 0px !important; left: 0px !important; width: 300px !important; height: 107.5px !important;\"><canvas class=\"lt-highlighter__canvas\" height=\"88\" style=\"display: none; top: 10px !important; left: 9px !important;\" width=\"235\"\/><\/lt-div><\/lt-div><\/lt-highlighter><figcaption data-credit=\"Alfonso Catalano\/SGP Italia\/Valentino\" data-gramm=\"false\" data-legend=\"Vittoria de Savoie et Clotilde Courau lors du d\u00e9fil\u00e9 Valentino haute couture automne-hiver 2023-2024 \u00e0 Chantilly le 5 juillet 2023\" data-lt-tmp-id=\"lt-469447\" spellcheck=\"false\">Vittoria de Savoie et Clotilde Courau lors du d\u00e9fil\u00e9 Valentino haute couture automne-hiver 2023-2024 \u00e0 Chantilly le 5 juillet 2023 <small>\u00a9\u00a0Alfonso Catalano\/SGP Italia\/Valentino<\/small><\/figcaption><\/figure>\n<h2 id=\"quelles-sont-ses-marques-fetiches-\">Quelles sont ses marques f\u00e9tiches ?<\/h2>\n<p><em>\u00ab\u00a0Princesse rock&rsquo;n&rsquo;roll\u00a0\u00bb<\/em>, <em>\u00ab\u00a0princesse influenceuse\u00a0\u00bb<\/em> ou encore<em> \u00ab\u00a0princesse 2.0\u00a0\u00bb\u00a0<\/em>: les qualificatifs pour d\u00e9signer Vittoria de Savoie ne manquent pas \u2014 elle est la premi\u00e8re femme h\u00e9riti\u00e8re de la couronne italienne depuis plus de 1 000\u00a0ans. <em>\u00ab\u00a0Mon r\u00f4le sera de garder les valeurs de la maison de Savoie, de m&rsquo;occuper de nos ordres dynastiques et des \u0153uvres de bienfaisance que nous faisons \u00e0 travers eux\u00a0\u00bb<\/em>, expliquait-elle au magazine <a href=\"https:\/\/www.forbes.fr\/politique\/comment-vittoria-de-savoie-jeune-princesse-italienne-defend-elle-les-principes-republicains-francais\/\" target=\"_blank\" rel=\"noopener\"><em>Forbes<\/em><\/a> en avril 2021. Si Vittoria de Savoie accorde de plus en plus d&rsquo;importance \u00e0 son r\u00f4le royal, elle ne manque pas de mener sa barque en travaillant avec une poign\u00e9e de couturier-\u00e8re-s. \u00c0 l&rsquo;instar de Pier Paolo Piccioli, directeur artistique de <strong>Valentino<\/strong>, qui l&rsquo;invite r\u00e9guli\u00e8rement \u00e0 ses d\u00e9fil\u00e9s de mode depuis plusieurs saisons et de Camille Miceli, \u00e0 la t\u00eate de la marque Emilio Pucci. Mais aussi de <a href=\"https:\/\/www.journaldesfemmes.fr\/mode\/conseils-mode\/2700981-ralph-lauren-le-roi-du-polo\/\" title=\"Polo Ralph Lauren\">Ralph Lauren<\/a> \u2014 la marque l&rsquo;avait habill\u00e9e pour une couverture du magazine <em>Vanity Fair<\/em>\u00a0en mars 2022. Ou encore Dior, qui l&rsquo;avait sublim\u00e9e pour une s\u00e9ance photo initi\u00e9e par <em>Another Magazine<\/em> en juin 2021.<\/p>\n<p>Il suffit de suivre les tendances observ\u00e9es sur les r\u00e9seaux sociaux. \u00c0 retenir\u00a0: ne pas h\u00e9siter \u00e0 porter deux pi\u00e8ces qui, \u00e0 priori, ne vont pas vraiment ensemble et miser sur des chaussures qui font la diff\u00e9rence (des ballerines rose fuchsia ou des talons extra hauts par exemple). Et pour une bonne dose d&rsquo;inspiration au quotidien, rien de mieux que de la suivre sur les r\u00e9seaux sociaux\u00a0: sur Instagram, elle compte d\u00e9j\u00e0 plus de 87\u00a0000\u00a0abonn\u00e9\u00b7es.<\/p>\n<p><lt-toolbar contenteditable=\"false\" data-lt-adjust-appearance=\"true\" data-lt-force-appearance=\"light\" style=\"display: none;\"><lt-div class=\"lt-toolbar__wrapper lt-toolbar__wrapper--hide\" style=\"left: 274px; position: absolute !important; top: 829px !important; bottom: auto !important; z-index: 1;\"><lt-div class=\"lt-toolbar__status-icon lt-toolbar__status-icon--has-errors lt-toolbar__status-icon--has-3-errors\" title=\"\"\/><lt-div class=\"lt-toolbar__premium-icon-dot\"\/><\/lt-div><\/lt-toolbar><lt-toolbar contenteditable=\"false\" data-lt-adjust-appearance=\"true\" data-lt-force-appearance=\"light\" style=\"display: none;\"><lt-div class=\"lt-toolbar__wrapper\" style=\"left: 872px; position: absolute !important; top: 102px !important; bottom: auto !important; z-index: 1;\"><lt-div class=\"lt-toolbar__status-icon lt-toolbar__status-icon--has-no-errors lt-toolbar__status-icon--has-premium-errors\" title=\"\"\/><lt-div class=\"lt-toolbar__premium-icon-dot lt-toolbar__premium-icon-dot--visible\"\/><\/lt-div><\/lt-toolbar><lt-toolbar contenteditable=\"false\" data-lt-adjust-appearance=\"true\" data-lt-force-appearance=\"light\" style=\"display: none;\"><lt-div class=\"lt-toolbar__wrapper lt-toolbar__wrapper--hide\" style=\"left: 274px; position: absolute !important; top: 822px !important; bottom: auto !important; z-index: 1;\"><lt-div class=\"lt-toolbar__status-icon lt-toolbar__status-icon--has-errors lt-toolbar__status-icon--has-1-errors\" title=\"\"\/><lt-div class=\"lt-toolbar__premium-icon-dot\"\/><\/lt-div><\/lt-toolbar><lt-toolbar contenteditable=\"false\" data-lt-adjust-appearance=\"true\" data-lt-force-appearance=\"light\" style=\"display: none;\"><lt-div class=\"lt-toolbar__wrapper lt-toolbar__wrapper--hide\" style=\"left: 974px; position: absolute !important; top: 1287px !important; bottom: auto !important; z-index: 1;\"><lt-div class=\"lt-toolbar__status-icon lt-toolbar__status-icon--has-errors lt-toolbar__status-icon--has-1-errors\" title=\"\"\/><lt-div class=\"lt-toolbar__premium-icon-dot\"\/><\/lt-div><\/lt-toolbar><\/p><\/div>\n<p>[ad_2]<br \/>\n<br \/><a href=\"https:\/\/www.journaldesfemmes.fr\/mode\/styles-de-people\/3143992-le-nouveau-look-de-vittoria-de-savoie-un-cardigan-cosy-et-puis-c-est-tout\/\">Source link <\/a><\/p>\n","protected":false},"excerpt":{"rendered":"<p>[ad_1] La princesse Vittoria de Savoie s&rsquo;offre une nouvelle couverture de magazine. Elle y pose dans un ensemble ultra confortable. &hellip; <a href=\"http:\/\/www.affinite.fr\/index.php\/2024\/02\/28\/le-nouveau-look-de-vittoria-de-savoie-un-cardigan-cosy-et-puis-cest-tout\/\" class=\"more-link\">Plus <span class=\"screen-reader-text\">Le nouveau look de Vittoria de Savoie\u00a0? Un cardigan cosy et puis c&rsquo;est tout<\/span> <span class=\"meta-nav\">&rarr;<\/span><\/a><\/p>\n","protected":false},"author":1,"featured_media":10076,"comment_status":"","ping_status":"open","sticky":false,"template":"","format":"standard","meta":{"_sitemap_exclude":false,"_sitemap_priority":"","_sitemap_frequency":"","footnotes":""},"categories":[1],"tags":[],"class_list":["post-10075","post","type-post","status-publish","format-standard","has-post-thumbnail","hentry","category-tous"],"_links":{"self":[{"href":"http:\/\/www.affinite.fr\/index.php\/wp-json\/wp\/v2\/posts\/10075"}],"collection":[{"href":"http:\/\/www.affinite.fr\/index.php\/wp-json\/wp\/v2\/posts"}],"about":[{"href":"http:\/\/www.affinite.fr\/index.php\/wp-json\/wp\/v2\/types\/post"}],"author":[{"embeddable":true,"href":"http:\/\/www.affinite.fr\/index.php\/wp-json\/wp\/v2\/users\/1"}],"replies":[{"embeddable":true,"href":"http:\/\/www.affinite.fr\/index.php\/wp-json\/wp\/v2\/comments?post=10075"}],"version-history":[{"count":0,"href":"http:\/\/www.affinite.fr\/index.php\/wp-json\/wp\/v2\/posts\/10075\/revisions"}],"wp:featuredmedia":[{"embeddable":true,"href":"http:\/\/www.affinite.fr\/index.php\/wp-json\/wp\/v2\/media\/10076"}],"wp:attachment":[{"href":"http:\/\/www.affinite.fr\/index.php\/wp-json\/wp\/v2\/media?parent=10075"}],"wp:term":[{"taxonomy":"category","embeddable":true,"href":"http:\/\/www.affinite.fr\/index.php\/wp-json\/wp\/v2\/categories?post=10075"},{"taxonomy":"post_tag","embeddable":true,"href":"http:\/\/www.affinite.fr\/index.php\/wp-json\/wp\/v2\/tags?post=10075"}],"curies":[{"name":"wp","href":"https:\/\/api.w.org\/{rel}","templated":true}]}}