{"id":1007,"date":"2020-03-23T09:13:21","date_gmt":"2020-03-23T09:13:21","guid":{"rendered":"https:\/\/www.affinite.fr\/index.php\/2020\/03\/23\/facebook-baisse-la-qualite-du-streaming-video-sur-toutes-ses-plates-formes-en-europe\/"},"modified":"2020-03-23T09:13:21","modified_gmt":"2020-03-23T09:13:21","slug":"facebook-baisse-la-qualite-du-streaming-video-sur-toutes-ses-plates-formes-en-europe","status":"publish","type":"post","link":"http:\/\/www.affinite.fr\/index.php\/2020\/03\/23\/facebook-baisse-la-qualite-du-streaming-video-sur-toutes-ses-plates-formes-en-europe\/","title":{"rendered":"Facebook baisse la qualit\u00e9 du streaming vid\u00e9o sur toutes ses plates-formes en Europe"},"content":{"rendered":"<p> [ad_1]<br \/>\n<br \/><img decoding=\"async\" src=\"https:\/\/img.bfmtv.com\/i\/0\/0\/f0590e0bad\/f8bfec4340ae597626cb41.jpeg\" \/><\/p>\n<div itemprop=\"articleBody\">\n<p class=\"MsoNormal\">Facebook a d\u00e9cid\u00e9 \u00e0 son tour de baisser la qualit\u00e9 vid\u00e9o sur toutes ses plates-formes. Cette d\u00e9cision fait suite \u00e0 l\u2019appel du commissaire europ\u00e9en charg\u00e9 de l\u2019industrie, Thierry Breton, qui avait demand\u00e9 aux principaux acteurs\u00a0du\u00a0streaming de r\u00e9duire les d\u00e9bits afin d\u2019\u00e9viter l\u2019engorgement des r\u00e9seaux.<\/p>\n<p class=\"MsoNormal\">M\u00eame si les op\u00e9rateurs europ\u00e9ens ont r\u00e9ussi jusqu\u2019\u00e0 maintenant \u00e0 supporter la charge, la crise du coronavirus a mis les r\u00e9seaux \u00e0 rude \u00e9preuve. Les diff\u00e9rentes mesures de confinement prises dans les pays ont pouss\u00e9 des centaines de milliers de salari\u00e9s \u00e0 passer au t\u00e9l\u00e9travail. La consommation de vid\u00e9os en streaming a de fait explos\u00e9e, laissant craindre une saturation du r\u00e9seau.<\/p>\n<aside class=\"bg-color-0 padding-inside-all-s bloc border-s\">\n<h4 class=\"box-txt-normal\">\n<p><strong>\u00c0 d\u00e9couvrir aussi en vid\u00e9o :<\/strong><\/p>\n<\/h4>\n<\/aside>\n<p class=\"MsoNormal\">Le r\u00e9seau social a indiqu\u00e9 que ce bridage temporaire durerait aussi longtemps que n\u00e9cessaire. Avant cela, <a href=\"https:\/\/www.01net.com\/actualites\/coronavirus-netflix-va-reduire-sa-qualite-video-pour-diminuer-le-trafic-internet-1878445.html\" target=\"_blank\" rel=\"noopener noreferrer\">Netflix <\/a>et <a href=\"https:\/\/www.01net.com\/actualites\/apres-netflix-youtube-passe-toutes-ses-videos-en-definition-standard-1878509.html\" target=\"_blank\" rel=\"noopener noreferrer\">Youtube<\/a>, dont la consultation peut repr\u00e9senter \u00e0 eux seuls jusqu\u2019\u00e0 deux tiers du trafic sur la toile, avaient \u00e9galement d\u00e9cid\u00e9 de baisser la qualit\u00e9 de leur streaming pendant une trentaine de jours.<\/p>\n<p class=\"MsoNormal\">Par ailleurs, le lancement de <a href=\"https:\/\/www.01net.com\/actualites\/le-lancement-de-disney-en-france-est-reporte-1880377.html\" target=\"_blank\" rel=\"noopener noreferrer\">Disney+, la nouvelle plateforme de SVOD de Disney qui devait arriver ce 24 mars<\/a>, a \u00e9t\u00e9 repouss\u00e9 au 7 avril prochain avec un d\u00e9bit vid\u00e9o r\u00e9duit de 25 % pour limiter l\u2019engorgement du r\u00e9seau.<\/p>\n<p class=\"MsoNormal\"><strong>Source\u00a0:<\/strong> <a href=\"https:\/\/www.reuters.com\/article\/us-health-coronavirus-facebook-idUSKBN2190VH\" target=\"_blank\" rel=\"noopener noreferrer\">Reuters<\/a><\/p>\n<\/p><\/div>\n<p><script>\n         !function(f,b,e,v,n,t,s){if(f.fbq)return;n=f.fbq=function()\n         {n.callMethod? n.callMethod.apply(n,arguments):n.queue.push(arguments)}\n         ;if(!f._fbq)f._fbq=n;\n             n.push=n;n.loaded=!0;n.version='2.0';n.queue=[];t=b.createElement(e);t.async=!0;\n             t.src=v;s=b.getElementsByTagName(e)[0];s.parentNode.insertBefore(t,s)}(window,\n                 document,'script','https:\/\/connect.facebook.net\/en_US\/fbevents.js');\n         fbq('init', '1065890633454496');\n         fbq('track', 'PageView');\n     <\/script><br \/>\n<br \/>[ad_2]<br \/>\n<br \/><a href=\"https:\/\/www.01net.com\/actualites\/facebook-baisse-la-qualite-du-streaming-video-sur-toutes-ses-plates-formes-en-europe-1880412.html\">Source link <\/a><\/p>\n","protected":false},"excerpt":{"rendered":"<p>[ad_1] Facebook a d\u00e9cid\u00e9 \u00e0 son tour de baisser la qualit\u00e9 vid\u00e9o sur toutes ses plates-formes. Cette d\u00e9cision fait suite &hellip; <a href=\"http:\/\/www.affinite.fr\/index.php\/2020\/03\/23\/facebook-baisse-la-qualite-du-streaming-video-sur-toutes-ses-plates-formes-en-europe\/\" class=\"more-link\">Plus <span class=\"screen-reader-text\">Facebook baisse la qualit\u00e9 du streaming vid\u00e9o sur toutes ses plates-formes en Europe<\/span> <span class=\"meta-nav\">&rarr;<\/span><\/a><\/p>\n","protected":false},"author":1,"featured_media":853,"comment_status":"open","ping_status":"open","sticky":false,"template":"","format":"standard","meta":{"_sitemap_exclude":false,"_sitemap_priority":"","_sitemap_frequency":"","footnotes":""},"categories":[1],"tags":[],"class_list":["post-1007","post","type-post","status-publish","format-standard","has-post-thumbnail","hentry","category-tous"],"_links":{"self":[{"href":"http:\/\/www.affinite.fr\/index.php\/wp-json\/wp\/v2\/posts\/1007"}],"collection":[{"href":"http:\/\/www.affinite.fr\/index.php\/wp-json\/wp\/v2\/posts"}],"about":[{"href":"http:\/\/www.affinite.fr\/index.php\/wp-json\/wp\/v2\/types\/post"}],"author":[{"embeddable":true,"href":"http:\/\/www.affinite.fr\/index.php\/wp-json\/wp\/v2\/users\/1"}],"replies":[{"embeddable":true,"href":"http:\/\/www.affinite.fr\/index.php\/wp-json\/wp\/v2\/comments?post=1007"}],"version-history":[{"count":0,"href":"http:\/\/www.affinite.fr\/index.php\/wp-json\/wp\/v2\/posts\/1007\/revisions"}],"wp:featuredmedia":[{"embeddable":true,"href":"http:\/\/www.affinite.fr\/index.php\/wp-json\/wp\/v2\/media\/853"}],"wp:attachment":[{"href":"http:\/\/www.affinite.fr\/index.php\/wp-json\/wp\/v2\/media?parent=1007"}],"wp:term":[{"taxonomy":"category","embeddable":true,"href":"http:\/\/www.affinite.fr\/index.php\/wp-json\/wp\/v2\/categories?post=1007"},{"taxonomy":"post_tag","embeddable":true,"href":"http:\/\/www.affinite.fr\/index.php\/wp-json\/wp\/v2\/tags?post=1007"}],"curies":[{"name":"wp","href":"https:\/\/api.w.org\/{rel}","templated":true}]}}