{"id":10063,"date":"2024-02-24T02:11:18","date_gmt":"2024-02-24T02:11:18","guid":{"rendered":"https:\/\/www.affinite.fr\/index.php\/2024\/02\/24\/cette-ville-de-province-est-celle-qui-accueille-le-plus-de-parisiens\/"},"modified":"2024-02-24T02:11:18","modified_gmt":"2024-02-24T02:11:18","slug":"cette-ville-de-province-est-celle-qui-accueille-le-plus-de-parisiens","status":"publish","type":"post","link":"http:\/\/www.affinite.fr\/index.php\/2024\/02\/24\/cette-ville-de-province-est-celle-qui-accueille-le-plus-de-parisiens\/","title":{"rendered":"Cette ville de province est celle qui accueille le plus de Parisiens"},"content":{"rendered":"<p> [ad_1]<br \/>\n<br \/><img decoding=\"async\" src=\"https:\/\/img-3.journaldesfemmes.fr\/cmJLPZkj4SOutH-lyWzrvmbvDKk=\/1280x\/smart\/d0cfbe4f11704859a298de76ec93b436\/ccmcms-jdf\/39947934.jpg\" \/><\/p>\n<p>\n                Les Parisiens, et globalement les Franciliens, sont de plus en plus nombreux \u00e0 venir s&rsquo;installer aux quatre coins de la France. Mais une ville en particulier tire son \u00e9pingle du jeu. Laquelle\u00a0? Chez vous\u00a0?            <\/p>\n<div>\n<p>Si Paris n&rsquo;a rien perdu de sa superbe aupr\u00e8s des touristes, elle est devenue bien moins populaire chez les Fran\u00e7ais. Depuis plusieurs ann\u00e9es, notamment depuis la crise sanitaire, de<strong> nombreux Franciliens quittent la r\u00e9gion parisienne<\/strong> et optent pour un changement radical de vie. Et l&rsquo;agitation qui s&rsquo;annonce avec la pr\u00e9paration des Jeux Olympiques ne risque pas de changer la donne ! Une \u00e9tude de l&rsquo;entreprise HelloWork a permis de d\u00e9voiler vers quelle ville de l&rsquo;Hexagone ils \u00e9taient nombreux \u00e0 vouloir se tourner&#8230;<\/p>\n<p>Le site aidant \u00e0 trouver un emploi a \u00e9tabli un barom\u00e8tre mobilit\u00e9 en observant les comportements de ses 5,4\u00a0millions d&rsquo;utilisateurs, dont 1,9\u00a0million qui r\u00e9sident en\u00a0r\u00e9gion francilienne. Ils sont nombreux \u00e0 avoir consult\u00e9\u00a0des offres d&#8217;emploi en dehors de leur r\u00e9gion d&rsquo;habitation, mais quel endroit a le plus de succ\u00e8s aupr\u00e8s des habitants d&rsquo;\u00cele-de-France ?<\/p>\n<p>Pour quitter le tumulte et la grisaille de la capitale, bon nombre de Franciliens seraient pr\u00eats \u00e0 <strong>d\u00e9m\u00e9nager aux quatre coins du pays<\/strong>.\u00a0\u00ab\u00a0<em>Ils ont des envies de mobilit\u00e9 dans toute la France<\/em>\u00ab\u00a0, a expliqu\u00e9 l&rsquo;entreprise HelloWork. Mais quelles sont les r\u00e9gions les plus populaires ? Selon cette \u00e9tude, il s&rsquo;agit de l&rsquo;Auvergne-Rh\u00f4ne-Alpes, des Hauts-de-France puis des Pays-de-la-Loire.<\/p>\n<p>Plusieurs villes sont particuli\u00e8rement choisies par les Franciliens pour y travailler et s&rsquo;y installer.\u00a0On compte notamment Nantes, Aix-Marseille-Provence, Rennes\u00a0ainsi\u00a0que Lille. La preuve que le climat pas toujours cl\u00e9ment des endroits susmentionn\u00e9s n&rsquo;est gu\u00e8re r\u00e9dhibitoire ! Ce n&rsquo;est donc pas forc\u00e9ment le soleil que viennent chercher les Franciliens, mais probablement un quotidien moins agit\u00e9, une densit\u00e9 de population moindre ou m\u00eame moins d&rsquo;incivilit\u00e9s. Apr\u00e8s tout, les clich\u00e9s ont la dent dure et les Parisiens sont souvent consid\u00e9r\u00e9s comme peu accueillants&#8230;<\/p>\n<p><strong>A lire aussi<\/strong><\/p>\n<p>Mais LA ville la plus populaire aupr\u00e8s des Franciliens reste\u2026 Lyon. M\u00e9tropole dynamique mais plus paisible que Paris, elle s\u00e9duit de plus en plus les habitants de la r\u00e9gion parisienne, qui sont nombreux \u00e0 quitter une ville lumi\u00e8re pour s&rsquo;installer dans une autre ! Rappelons tout de m\u00eame \u00e0 ceux qui voient la Cit\u00e9 des Gones comme un eldorado que Lyon a \u00e9t\u00e9 d\u00e9sign\u00e9e la 26e ville la moins accueillante par un r\u00e9cent classement\u00a0du site de voyage <em>Travel + Leisure<\/em>. L&rsquo;herbe n&rsquo;est pas toujours plus verte ailleurs !<\/p>\n<\/p><\/div>\n<p>[ad_2]<br \/>\n<br \/><a href=\"https:\/\/www.journaldesfemmes.fr\/societe\/actu\/3162466-ville-de-province-ou-demenagent-les-parisiens-culbuto\/\">Source link <\/a><\/p>\n","protected":false},"excerpt":{"rendered":"<p>[ad_1] Les Parisiens, et globalement les Franciliens, sont de plus en plus nombreux \u00e0 venir s&rsquo;installer aux quatre coins de &hellip; <a href=\"http:\/\/www.affinite.fr\/index.php\/2024\/02\/24\/cette-ville-de-province-est-celle-qui-accueille-le-plus-de-parisiens\/\" class=\"more-link\">Plus <span class=\"screen-reader-text\">Cette ville de province est celle qui accueille le plus de Parisiens<\/span> <span class=\"meta-nav\">&rarr;<\/span><\/a><\/p>\n","protected":false},"author":1,"featured_media":10064,"comment_status":"","ping_status":"open","sticky":false,"template":"","format":"standard","meta":{"_sitemap_exclude":false,"_sitemap_priority":"","_sitemap_frequency":"","footnotes":""},"categories":[1],"tags":[],"class_list":["post-10063","post","type-post","status-publish","format-standard","has-post-thumbnail","hentry","category-tous"],"_links":{"self":[{"href":"http:\/\/www.affinite.fr\/index.php\/wp-json\/wp\/v2\/posts\/10063"}],"collection":[{"href":"http:\/\/www.affinite.fr\/index.php\/wp-json\/wp\/v2\/posts"}],"about":[{"href":"http:\/\/www.affinite.fr\/index.php\/wp-json\/wp\/v2\/types\/post"}],"author":[{"embeddable":true,"href":"http:\/\/www.affinite.fr\/index.php\/wp-json\/wp\/v2\/users\/1"}],"replies":[{"embeddable":true,"href":"http:\/\/www.affinite.fr\/index.php\/wp-json\/wp\/v2\/comments?post=10063"}],"version-history":[{"count":0,"href":"http:\/\/www.affinite.fr\/index.php\/wp-json\/wp\/v2\/posts\/10063\/revisions"}],"wp:featuredmedia":[{"embeddable":true,"href":"http:\/\/www.affinite.fr\/index.php\/wp-json\/wp\/v2\/media\/10064"}],"wp:attachment":[{"href":"http:\/\/www.affinite.fr\/index.php\/wp-json\/wp\/v2\/media?parent=10063"}],"wp:term":[{"taxonomy":"category","embeddable":true,"href":"http:\/\/www.affinite.fr\/index.php\/wp-json\/wp\/v2\/categories?post=10063"},{"taxonomy":"post_tag","embeddable":true,"href":"http:\/\/www.affinite.fr\/index.php\/wp-json\/wp\/v2\/tags?post=10063"}],"curies":[{"name":"wp","href":"https:\/\/api.w.org\/{rel}","templated":true}]}}