{"id":10061,"date":"2024-02-23T02:09:08","date_gmt":"2024-02-23T02:09:08","guid":{"rendered":"https:\/\/www.affinite.fr\/index.php\/2024\/02\/23\/cet-affront-dont-elle-a-ete-victime-enfin-repare-apres-sa-mort\/"},"modified":"2024-02-23T02:09:08","modified_gmt":"2024-02-23T02:09:08","slug":"cet-affront-dont-elle-a-ete-victime-enfin-repare-apres-sa-mort","status":"publish","type":"post","link":"http:\/\/www.affinite.fr\/index.php\/2024\/02\/23\/cet-affront-dont-elle-a-ete-victime-enfin-repare-apres-sa-mort\/","title":{"rendered":"Cet affront dont elle a \u00e9t\u00e9 victime enfin r\u00e9par\u00e9 apr\u00e8s sa mort\u00a0?"},"content":{"rendered":"<p> [ad_1]<br \/>\n<br \/><img decoding=\"async\" src=\"https:\/\/img-3.journaldesfemmes.fr\/lGRiqhNj8rfU35Tl8kmXwwhBDmQ=\/1280x\/smart\/4536d7c0a1f04074b39d5b1d0b6ddc57\/ccmcms-jdf\/39947497.jpg\" \/><\/p>\n<p>\n                Micheline Presle est morte \u00e0 101\u00a0ans, elle qui r\u00e9sidait \u00e0 la Maison nationale des artistes de Nogent-sur-Marne. Sur Twitter, un hommage est r\u00e9clam\u00e9 alors qu&rsquo;il lui avait \u00e9t\u00e9 refus\u00e9 de son vivant.            <\/p>\n<div>\n<p>La l\u00e9gende du septi\u00e8me art <a href=\"https:\/\/www.journaldesfemmes.fr\/people\/personnalites\/2839699-micheline-presle-mort\/\" title=\"Micheline Presle\">Micheline Presle<\/a> s&rsquo;en est d\u00e9finitivement all\u00e9e ce mercredi 21\u00a0f\u00e9vrier 2024. <strong>La doyenne du cin\u00e9ma fran\u00e7ais s&rsquo;est \u00e9teinte \u00e0 l&rsquo;\u00e2ge de 101\u00a0ans<\/strong> \u00e0 la tr\u00e8s c\u00e9l\u00e8bre Maison nationale des artistes \u00e0 Nogent-sur-Marne, une maison de retraite unique en son genre o\u00f9 elle r\u00e9sidait depuis plusieurs ann\u00e9es. Micheline Chassagne, de son vrai nom, laisse derri\u00e8re un h\u00e9ritage cin\u00e9matographique impressionnant. Il faut dire qu&rsquo;avec pas moins de 150\u00a0films \u00e0 son actif, elle a marqu\u00e9 le cin\u00e9ma fran\u00e7ais, et plusieurs g\u00e9n\u00e9rations de cin\u00e9philes.\u00a0<\/p>\n<h2>Enfin un hommage concret \u00e0 Micheline Presle\u00a0? Ses fans se questionnent<\/h2>\n<p>Pour autant, la m\u00e8re de la r\u00e9alisatrice Tonie Marshall\u00a0&#8211; d\u00e9c\u00e9d\u00e9e brutalement en 2020\u00a0\u00e0 68\u00a0ans, des suites d&rsquo;un cancer du poumon -, n&rsquo;a pas \u00e9t\u00e9 assez d\u00e9cor\u00e9e et honor\u00e9e par les pouvoirs publics. C&rsquo;est en tout cas ce que pensent plusieurs\u00a0de ses fid\u00e8les admirateurs. Notamment\u00a0le critique de cin\u00e9ma Gilles Jacob. En effet, juste apr\u00e8s l&rsquo;annonce de la mort de Micheline Presle,<strong> il a d\u00e9plor\u00e9 sur son compte X (anciennement Twitter) qu&rsquo;aucun espace public ne portait encore le nom de cette grande dame de cin\u00e9ma.\u00a0<\/strong><\/p>\n<div class=\"ccminsert\">\n<div class=\"jEmbedTagPlaceholder twitter-placeholder\"><template data-type=\"embedtag\" data-tagname=\"twitter\"><\/p>\n<blockquote class=\"twitter-tweet\">\n<p dir=\"ltr\" lang=\"fr\">Voil\u00e0 son banc&#8230;<br \/>J&rsquo;y croyais aussi<\/p>\n<p>Merci cher Gilles d&rsquo;avoir essay\u00e9 de porter ce projet.<br \/>\u00c7a l&rsquo;a faisait sourire, lui faisait plaisir, et elle r\u00e9pondait \u00ab\u00a0c&rsquo;est pas grave, de toute fa\u00e7on, le jardin du Luxembourg, c&rsquo;est mon jardin.. Mais je le pr\u00eate !\u00a0\u00bb <a href=\"https:\/\/t.co\/YWOHxA1TEV\">https:\/\/t.co\/YWOHxA1TEV<\/a> <a href=\"https:\/\/t.co\/MyErtrpm56\">pic.twitter.com\/MyErtrpm56<\/a><\/p>\n<p>\u2014 Th Barnaudt (@tbarnaud) <a href=\"https:\/\/twitter.com\/tbarnaud\/status\/1760427856079753578?ref_src=twsrc%5Etfw\">February 21, 2024<\/a><\/p><\/blockquote>\n<p><\/template><\/div>\n<\/div>\n<p><em>\u00ab\u00a0Les officiels ne savent pas avoir un geste, honorer, faire plaisir. Elle avait eu 100\u00a0ans et<strong> j&rsquo;avais demand\u00e9 \u00e0 la mairie de Paris de baptiser un bout de jardin, m\u00eame un arbre &lsquo;Micheline Presle&rsquo;.<\/strong> <strong>Mais non,\u00a0le r\u00e8glement\u00a0: il faut mourir d&rsquo;abord, je suppose<\/strong>\u00ab\u00a0<\/em>, a en effet \u00e9crit celui qui a \u00e9t\u00e9 Pr\u00e9sident du <a href=\"https:\/\/www.journaldesfemmes.fr\/people\/rendez-vous\/2518350-cannes-festival-2024-presidente-jury\/\" title=\"Festival de Cannes 2023\">Festival de Cannes<\/a> entre 2001\u00a0et 2014. Et qui \u00e9tait visiblement tr\u00e8s proche de l&rsquo;iconique actrice dont la derni\u00e8re apparition au cin\u00e9ma remonte \u00e0 2016.\u00a0<\/p>\n<h2>Micheline Presle honor\u00e9e au\u00a0Jardin du Luxembourg ?<\/h2>\n<p>Un post rempli d&rsquo;\u00e9motions auquel ont r\u00e9agi plusieurs internautes cin\u00e9philes. L&rsquo;un de ses plus grands fans, qui lui rendait vraisemblablement souvent visite \u00e0 la maison de retraite et avec qui elle avait tiss\u00e9 des liens, a m\u00eame r\u00e9torqu\u00e9\u00a0: <em>\u00ab\u00a0Merci cher Gilles d&rsquo;avoir essay\u00e9 de porter ce projet\u00a0\u00bb<\/em>.<\/p>\n<p>Avant de livrer une anecdote\u00a0: <strong><em>\u00ab\u00a0\u00c7a l&rsquo;a faisait sourire, lui faisait plaisir, et elle r\u00e9pondait &lsquo;c&rsquo;est pas grave, de toute fa\u00e7on, le jardin du Luxembourg, c&rsquo;est mon jardin.. Mais je le pr\u00eate\u00a0!&rsquo;<\/em><\/strong>. Esp\u00e9rons que la toute nouvelle ministre de la Culture, <a href=\"https:\/\/www.journaldesfemmes.fr\/people\/personnalites\/2625051-rachida-dati-ministre-culture-secrets\/\" title=\"Rachida Dati\">Rachida Dati<\/a>, prenne le sujet \u00e0 bras le corps. Nul doute \u00e9galement qu&rsquo;un hommage lui sera rendu \u00e0 la 49e c\u00e9r\u00e9monie des C\u00e9sar ce 23 f\u00e9vrier.<\/p>\n<\/p><\/div>\n<p><script async src=\"http:\/\/platform.twitter.com\/widgets.js\" charset=\"utf-8\"><\/script><br \/>\n<br \/>[ad_2]<br \/>\n<br \/><a href=\"https:\/\/www.journaldesfemmes.fr\/people\/actus\/3163252-micheline-presle-cet-affront-enfin-repare-apres-sa-mort\/\">Source link <\/a><\/p>\n","protected":false},"excerpt":{"rendered":"<p>[ad_1] Micheline Presle est morte \u00e0 101\u00a0ans, elle qui r\u00e9sidait \u00e0 la Maison nationale des artistes de Nogent-sur-Marne. Sur Twitter, &hellip; <a href=\"http:\/\/www.affinite.fr\/index.php\/2024\/02\/23\/cet-affront-dont-elle-a-ete-victime-enfin-repare-apres-sa-mort\/\" class=\"more-link\">Plus <span class=\"screen-reader-text\">Cet affront dont elle a \u00e9t\u00e9 victime enfin r\u00e9par\u00e9 apr\u00e8s sa mort\u00a0?<\/span> <span class=\"meta-nav\">&rarr;<\/span><\/a><\/p>\n","protected":false},"author":1,"featured_media":10062,"comment_status":"","ping_status":"open","sticky":false,"template":"","format":"standard","meta":{"_sitemap_exclude":false,"_sitemap_priority":"","_sitemap_frequency":"","footnotes":""},"categories":[1],"tags":[],"class_list":["post-10061","post","type-post","status-publish","format-standard","has-post-thumbnail","hentry","category-tous"],"_links":{"self":[{"href":"http:\/\/www.affinite.fr\/index.php\/wp-json\/wp\/v2\/posts\/10061"}],"collection":[{"href":"http:\/\/www.affinite.fr\/index.php\/wp-json\/wp\/v2\/posts"}],"about":[{"href":"http:\/\/www.affinite.fr\/index.php\/wp-json\/wp\/v2\/types\/post"}],"author":[{"embeddable":true,"href":"http:\/\/www.affinite.fr\/index.php\/wp-json\/wp\/v2\/users\/1"}],"replies":[{"embeddable":true,"href":"http:\/\/www.affinite.fr\/index.php\/wp-json\/wp\/v2\/comments?post=10061"}],"version-history":[{"count":0,"href":"http:\/\/www.affinite.fr\/index.php\/wp-json\/wp\/v2\/posts\/10061\/revisions"}],"wp:featuredmedia":[{"embeddable":true,"href":"http:\/\/www.affinite.fr\/index.php\/wp-json\/wp\/v2\/media\/10062"}],"wp:attachment":[{"href":"http:\/\/www.affinite.fr\/index.php\/wp-json\/wp\/v2\/media?parent=10061"}],"wp:term":[{"taxonomy":"category","embeddable":true,"href":"http:\/\/www.affinite.fr\/index.php\/wp-json\/wp\/v2\/categories?post=10061"},{"taxonomy":"post_tag","embeddable":true,"href":"http:\/\/www.affinite.fr\/index.php\/wp-json\/wp\/v2\/tags?post=10061"}],"curies":[{"name":"wp","href":"https:\/\/api.w.org\/{rel}","templated":true}]}}