{"id":10053,"date":"2024-02-20T02:03:08","date_gmt":"2024-02-20T02:03:08","guid":{"rendered":"https:\/\/www.affinite.fr\/index.php\/2024\/02\/20\/fera-t-il-beau-a-paques-on-sait-deja-combien-de-jours-de-soleil-il-y-aura-en-france-en-avril\/"},"modified":"2024-02-20T02:03:08","modified_gmt":"2024-02-20T02:03:08","slug":"fera-t-il-beau-a-paques-on-sait-deja-combien-de-jours-de-soleil-il-y-aura-en-france-en-avril","status":"publish","type":"post","link":"http:\/\/www.affinite.fr\/index.php\/2024\/02\/20\/fera-t-il-beau-a-paques-on-sait-deja-combien-de-jours-de-soleil-il-y-aura-en-france-en-avril\/","title":{"rendered":"Fera-t-il beau \u00e0 P\u00e2ques\u00a0? On sait d\u00e9j\u00e0 combien de jours de soleil il y aura en France en avril"},"content":{"rendered":"<p> [ad_1]<br \/>\n<br \/><img decoding=\"async\" src=\"https:\/\/img-3.journaldesfemmes.fr\/FCa1D7dEn73sdXX55qUQ_LtEJvQ=\/1280x\/smart\/f25858e57beb47d983be711117801bc6\/ccmcms-jdf\/39946414.jpeg\" \/><\/p>\n<p>\n                On va pas se mentir\u00a0: faire la chasse aux \u0153ufs de P\u00e2ques sous la pluie, c&rsquo;est nul. Alors que ce week-end prolong\u00e9 arrive vite, peut-on esp\u00e9rer du soleil en France\u00a0? Les pr\u00e9visions en disent plus.            <\/p>\n<div>\n<p>L&rsquo;hiver tire sur sa fin, le ciel est encore gris un peu partout\u00a0et les degr\u00e9s ont du mal \u00e0 remonter mais, heureusement, le printemps arrive dans peu de temps. Et il apporte avec lui son lot de jours f\u00e9ri\u00e9s, de ponts et de week-end prolong\u00e9s. Et\u00a0une question\u00a0br\u00fble d\u00e9j\u00e0 les l\u00e8vres de tous les Fran\u00e7ais\u00a0: le soleil sera-t-il au rendez-vous dans les semaines \u00e0 venir ? C&rsquo;est qu&rsquo;on aimerait tous aller boire des Spritz en terrasse et courir dans le jardin chercher les \u0153ufs de P\u00e2ques ! Si possible, en tenue l\u00e9g\u00e8re&#8230;\u00a0<\/p>\n<p>Rassurez-vous, <em>La Cha\u00eene M\u00e9t\u00e9o<\/em>\u00a0a d\u00e9j\u00e0 <strong>la r\u00e9ponse \u00e0 votre question<\/strong>. En effet, les m\u00e9t\u00e9orologues ont \u00e9tabli trois sc\u00e9narios plut\u00f4t optimistes pour le mois d&rsquo;avril qui comprend un morceau\u00a0du\u00a0<a href=\"https:\/\/www.journaldesfemmes.fr\/maman\/guide-sorties-et-fetes-en-famille\/2617003-paques-2023-traditions-jeux-origine-fete-pascale\/\" title=\"P\u00e2ques\">week-end de P\u00e2ques<\/a> ;\u00a0qui va cette ann\u00e9e\u00a0du samedi 30 mars au lundi 1er avril 2024. Pour la premi\u00e8re semaine du mois, les temp\u00e9ratures estim\u00e9es vont de 4 degr\u00e9s au plus bas et jusqu&rsquo;\u00e0 17 degr\u00e9s l&rsquo;apr\u00e8s-midi au plus chaud. Globalement, avril devrait \u00eatre un mois plus doux que la normale avec des anomalies de temp\u00e9ratures pouvant aller jusqu&rsquo;\u00e0 +1\u00a0degr\u00e9 sur la France par rapport aux normales de saison. Une m\u00e9t\u00e9o qui s&rsquo;annonce donc un peu plus chaude sur tout le pays et le signe qu&rsquo;on peut laisser les manteaux dans la penderie.\u00a0<\/p>\n<p>Quant aux derniers jours de mars, eux aussi s&rsquo;annoncent ensoleill\u00e9s avec un <strong>sc\u00e9nario majoritaire<\/strong> qui pr\u00e9voit du soleil sur tout le pays et jusqu&rsquo;\u00e0 16 degr\u00e9s en moyenne l&rsquo;apr\u00e8s-midi. Vous vous visualisez d\u00e9j\u00e0 un verre \u00e0 la main, dans un transat\u00a0?<\/p>\n<p><strong>A lire aussi<\/strong><\/p>\n<p>Selon les pr\u00e9visions m\u00e9t\u00e9o pour avril 2024, le mois promet d&rsquo;\u00eatre largement agr\u00e9able sur l&rsquo;Hexagone puisqu&rsquo;on connait d\u00e9j\u00e0 le nombre de jours de soleil pr\u00e9vus ! Alors combien au total ? Selon les experts du climat, nous pourrons compter sur un joli quota de\u00a018\u00a0jours de soleil en France contre seulement 7\u00a0jours de pluie ;\u00a023% du temps sera en effet menac\u00e9 par de fortes pluies. De quoi rassurer notamment les professionnels du tourisme qui attendent les voyageurs de pied ferme pour lancer la saison du printemps, de Deauville \u00e0 Saint-Malo en passant par le Cap-Ferret ou encore Nice.\u00a0<\/p>\n<\/p><\/div>\n<p>[ad_2]<br \/>\n<br \/><a href=\"https:\/\/www.journaldesfemmes.fr\/societe\/actu\/3162502-paques-meteo-france-jours-de-soleil\/\">Source link <\/a><\/p>\n","protected":false},"excerpt":{"rendered":"<p>[ad_1] On va pas se mentir\u00a0: faire la chasse aux \u0153ufs de P\u00e2ques sous la pluie, c&rsquo;est nul. Alors que &hellip; <a href=\"http:\/\/www.affinite.fr\/index.php\/2024\/02\/20\/fera-t-il-beau-a-paques-on-sait-deja-combien-de-jours-de-soleil-il-y-aura-en-france-en-avril\/\" class=\"more-link\">Plus <span class=\"screen-reader-text\">Fera-t-il beau \u00e0 P\u00e2ques\u00a0? On sait d\u00e9j\u00e0 combien de jours de soleil il y aura en France en avril<\/span> <span class=\"meta-nav\">&rarr;<\/span><\/a><\/p>\n","protected":false},"author":1,"featured_media":10054,"comment_status":"","ping_status":"open","sticky":false,"template":"","format":"standard","meta":{"_sitemap_exclude":false,"_sitemap_priority":"","_sitemap_frequency":"","footnotes":""},"categories":[1],"tags":[],"class_list":["post-10053","post","type-post","status-publish","format-standard","has-post-thumbnail","hentry","category-tous"],"_links":{"self":[{"href":"http:\/\/www.affinite.fr\/index.php\/wp-json\/wp\/v2\/posts\/10053"}],"collection":[{"href":"http:\/\/www.affinite.fr\/index.php\/wp-json\/wp\/v2\/posts"}],"about":[{"href":"http:\/\/www.affinite.fr\/index.php\/wp-json\/wp\/v2\/types\/post"}],"author":[{"embeddable":true,"href":"http:\/\/www.affinite.fr\/index.php\/wp-json\/wp\/v2\/users\/1"}],"replies":[{"embeddable":true,"href":"http:\/\/www.affinite.fr\/index.php\/wp-json\/wp\/v2\/comments?post=10053"}],"version-history":[{"count":0,"href":"http:\/\/www.affinite.fr\/index.php\/wp-json\/wp\/v2\/posts\/10053\/revisions"}],"wp:featuredmedia":[{"embeddable":true,"href":"http:\/\/www.affinite.fr\/index.php\/wp-json\/wp\/v2\/media\/10054"}],"wp:attachment":[{"href":"http:\/\/www.affinite.fr\/index.php\/wp-json\/wp\/v2\/media?parent=10053"}],"wp:term":[{"taxonomy":"category","embeddable":true,"href":"http:\/\/www.affinite.fr\/index.php\/wp-json\/wp\/v2\/categories?post=10053"},{"taxonomy":"post_tag","embeddable":true,"href":"http:\/\/www.affinite.fr\/index.php\/wp-json\/wp\/v2\/tags?post=10053"}],"curies":[{"name":"wp","href":"https:\/\/api.w.org\/{rel}","templated":true}]}}