{"id":1005,"date":"2020-03-23T08:52:34","date_gmt":"2020-03-23T08:52:34","guid":{"rendered":"https:\/\/www.affinite.fr\/index.php\/2020\/03\/23\/quels-medicaments-eviter-en-cas-de-coronavirus\/"},"modified":"2020-03-23T08:52:34","modified_gmt":"2020-03-23T08:52:34","slug":"quels-medicaments-eviter-en-cas-de-coronavirus","status":"publish","type":"post","link":"http:\/\/www.affinite.fr\/index.php\/2020\/03\/23\/quels-medicaments-eviter-en-cas-de-coronavirus\/","title":{"rendered":"quels m\u00e9dicaments \u00e9viter en cas de coronavirus\u00a0?"},"content":{"rendered":"<p> [ad_1]<br \/>\n<br \/><img decoding=\"async\" src=\"https:\/\/img-3.journaldesfemmes.fr\/tcwSCdUfTUqnWcTvXCEYp_niGuo=\/1280x\/smart\/3df1cf8bd38a4947909d5be63992f170\/ccmcms-jdf\/14390986.jpg\" \/><\/p>\n<p>\n                Gare \u00e0 l&rsquo;autom\u00e9dication en pleine \u00e9pid\u00e9mie de coronavirus\u00a0! La prise d&rsquo;anti-inflammatoires comme l&rsquo;ibuprof\u00e8ne (Advil, Nurofen&#8230;) ou de certains cortico\u00efdes (cortisone) peut aggraver une telle infection. Quels sont les m\u00e9dicaments interdits, \u00e0 \u00e9viter et ceux que l&rsquo;on peut prendre\u00a0sans risque, notamment contre la fi\u00e8vre ou les douleurs articulaires\u00a0?            <\/p>\n<div>\n<aside class=\"ccmsummary marqueur_module ccmcss_cms_summary ccmcss_cms_summary--right\">\n<p>Sommaire<\/p>\n<\/aside>\n<p>Toux, fi\u00e8vre, maux de t\u00eate, courbatures&#8230; Prudence avec\u00a0l&rsquo;<a href=\"https:\/\/sante.journaldesfemmes.fr\/maux-quotidien\/automedication\/\" title=\"Autom\u00e9dication\">autom\u00e9dication<\/a>\u00a0si vous pr\u00e9sentez ces sympt\u00f4mes ! \u00ab\u00a0<em>La prise d&rsquo;anti-inflammatoires (ibuprof\u00e8ne, cortisone&#8230;) pourrait \u00eatre <strong>un facteur d&rsquo;aggravation de l&rsquo;infection<\/strong><\/em>\u00a0\u00bb chez les personnes contamin\u00e9es par <a href=\"https:\/\/sante.journaldesfemmes.fr\/maladies\/2605417-coronavirus-france-italie-epidemie-evolution-courbe-deces-chiffres-direct-carte-regions-odorat-couvre-feu-medecin-urgentiste\/\" target=\"_blank\" rel=\"noopener noreferrer\">le coronavirus<\/a>, a tenu \u00e0 alerter Olivier V\u00e9ran, le ministre des Solidarit\u00e9s et de la Sant\u00e9 sur <a href=\"https:\/\/twitter.com\/olivierveran\/status\/1238776545398923264\" target=\"_blank\" rel=\"noopener noreferrer\">son compte Twitter<\/a> le samedi 14 mars.\u00a0<strong>Ces m\u00e9dicaments seraient responsables de complications infectieuses. <\/strong>Concr\u00e8tement, ils sont susceptibles d&rsquo;att\u00e9nuer l&rsquo;inflammation (qui est une r\u00e9ponse normale de l&rsquo;organisme) en cas d&rsquo;infection, ainsi\u00a0<strong>masquer les signes de gravit\u00e9 d&rsquo;une infection et potentiellement retarder le diagnostic et la prise en charge<\/strong>. Plusieurs m\u00e9decins ont rapport\u00e9 \u00ab\u00a0<em>des \u00e9v\u00e9nements ind\u00e9sirables graves li\u00e9s \u00e0 l&rsquo;utilisation des anti-inflammatoires non st\u00e9ro\u00efdiens (AINS),\u00a0signal\u00e9s chez des <a href=\"https:\/\/sante.journaldesfemmes.fr\/maladies\/2622115-coronavirus-victime-mort-deces-age-femme-homme-jeune-qui-sont-les-morts\/\" target=\"_blank\" rel=\"noopener noreferrer\">patients atteints de COVID-19, cas possibles ou confirm\u00e9s<\/a>\u00ab\u00a0<\/em>, confirmait\u00a0J\u00e9r\u00f4me Salomon, Directeur g\u00e9n\u00e9ral de la Sant\u00e9\u00a0sur Linkedin.\u00a0\u00ab\u00a0<em>En r\u00e9animation, parmi les personnes jeunes <\/em>[et sans comorbidit\u00e9s, ndlr] <em>qui ont d\u00e9velopp\u00e9 une forme s\u00e9v\u00e8re de coronavirus, il a \u00e9t\u00e9 not\u00e9 que l&rsquo;un des facteurs d&rsquo;explication possible \u00e9tait la prise d&rsquo;anti-inflammatoire par ces patients<\/em>\u00ab\u00a0, pr\u00e9cisait\u00a0le Pr S\u00e9bastien Gallien, chef du service des <a href=\"https:\/\/sante.journaldesfemmes.fr\/maladies\/2584365-maladies-infectieuses-definition-liste-traitements\/\" title=\"Maladies infectieuses\">maladies infectieuses<\/a> \u00e0 l&rsquo;h\u00f4pital Henri-Mondor (Cr\u00e9teil) dans un article du <em>Parisien<\/em>.\u00a0<\/p>\n<p>\u2022 <strong>Les m\u00e9dicaments contenant de l&rsquo;ibuprof\u00e8ne<\/strong> commercialis\u00e9s en France : <strong>Advil\u00ae, Antar\u00e8ne\u00ae, Rhinadvil\u00ae, Spedifen\u00ae, Upfen\u00ae, Nurofen\u00ae<\/strong>&#8230;\u00a0et leurs g\u00e9n\u00e9riques.\u00a0Ces produits sont tr\u00e8s largement utilis\u00e9s en autom\u00e9dication contre les douleurs et la fi\u00e8vre. Pour \u00e9viter d&rsquo;en faire mauvais usage et limiter les risques de complications infectieuses, <strong><a href=\"https:\/\/sante.journaldesfemmes.fr\/quotidien\/2569941-paracetamol-aspirine-ibuprofene-pharmacie-vente-libre\/\" target=\"_blank\" rel=\"noopener noreferrer\">ces m\u00e9dicaments\u00a0ne sont plus disponibles\u00a0en libre-service dans les pharmacies<\/a> depuis le 15\u00a0janvier,<\/strong> apr\u00e8s une mise en garde de l&rsquo;Agence nationale de s\u00e9curit\u00e9 du m\u00e9dicament et des produits de sant\u00e9 (ANSM). Ils restent disponibles sans ordonnance\u00a0mais il faut les demander au pharmacien qui doit\u00a0donner des conseils sur la posologie et sur les pr\u00e9cautions d&rsquo;utilisation.<\/p>\n<p>\u2022 <strong>Les <a href=\"https:\/\/sante.journaldesfemmes.fr\/medicament\/\" title=\"M\u00e9dicaments\">m\u00e9dicaments<\/a> \u00e0 base de cortisone et pris par voie orale<\/strong>\u00a0(Prednisone\u00ae et Cortancyl\u00ae) sont \u00e9galement susceptibles d&rsquo;amplifier l&rsquo;infection.<\/p>\n<blockquote>\n<p style=\"text-align: left;\">Ne pas arr\u00eater son traitement et demander l&rsquo;avis d&rsquo;un m\u00e9decin.\u00a0<\/p>\n<\/blockquote>\n<p>Si vous \u00eates atteint d&rsquo;une pathologie chronique et que vous\u00a0\u00eates actuellement trait\u00e9 par\u00a0des <a href=\"https:\/\/sante.journaldesfemmes.fr\/fiches-sante-du-quotidien\/2519002-anti-inflammatoire-non-steroidien-ains-dangereux-reins\/\" title=\"AINS\">anti-inflammatoires non st\u00e9ro\u00efdiens<\/a> ou des cortico\u00efdes\u00a0: <strong>n&rsquo;arr\u00eatez pas votre traitement, surtout si vous ne pr\u00e9sentez pas de sympt\u00f4mes respiratoires ou de fi\u00e8vre<\/strong>. De m\u00eame, il n&rsquo;est pas recommand\u00e9 d&rsquo;arr\u00eater son traitement <strong>si vous \u00eates asthmatique ou atteint de BPCO<\/strong> et que vous \u00eates trait\u00e9s par des cortico\u00efdes ou des anti-inflammatoires.\u00a0En cas de doute ou de sympt\u00f4mes inhabituels, <strong>rapprochez-vous de\u00a0votre m\u00e9decin et demandez-lui son avis<\/strong>.\u00a0Lui seul pourra prendre une d\u00e9cision quant \u00e0 la poursuite ou \u00e0 l&rsquo;arr\u00eat du traitement.\u00a0<\/p>\n<blockquote>\n<p style=\"text-align: right;\">L&rsquo;utilisation du parac\u00e9tamol est \u00e0 privil\u00e9gier<strong>\u00a0\u00e0 condition de bien respecter\u00a0la posologie.<\/strong><\/p>\n<\/blockquote>\n<p><strong>\u00c9vitez le plus possible de vous auto-m\u00e9dicamenter<\/strong>, insiste le Directeur g\u00e9n\u00e9ral de la Sant\u00e9. Toutefois, en cas de douleur et\/ou de fi\u00e8vre mal tol\u00e9r\u00e9e, l&rsquo;utilisation du parac\u00e9tamol (Doliprane\u00ae)\u00a0est \u00e0 privil\u00e9gier<strong>\u00a0en respectant la posologie :<\/strong><\/p>\n<ul>\n<li>Ne pas d\u00e9passer<strong>\u00a0<\/strong>la dose de 60\u00a0mg\/kg\/jour<\/li>\n<li>Ne pas\u00a0d\u00e9passer\u00a0<strong>3\u00a0g par jour<\/strong>, pour les adultes.\u00a0<\/li>\n<li>Espacer les prises de <strong>6 heures au minimum<\/strong>.<\/li>\n<li>Prendre la dose la plus faible, <strong>le moins longtemps possible<\/strong>\u00a0(3\u00a0jours en cas de fi\u00e8vre, 5\u00a0jours en cas de douleur, en l&rsquo;absence d&rsquo;ordonnance)<\/li>\n<li>Faire attention au risque de surdosage et v\u00e9rifier la pr\u00e9sence de parac\u00e9tamol si vous prenez d&rsquo;autres\u00a0m\u00e9dicaments (utilis\u00e9s pour douleurs, fi\u00e8vre, allergies, sympt\u00f4mes du rhume ou \u00e9tat grippal).<\/li>\n<\/ul>\n<blockquote>\n<p style=\"text-align: right;\">La vente de parac\u00e9tamol restreinte \u00e0 partir du 18\u00a0mars.<\/p>\n<\/blockquote>\n<p>\u00ab\u00a0<em>Utilis\u00e9 \u00e0 bon escient, le parac\u00e9tamol est un m\u00e9dicament s\u00fbr et efficace. Cependant en cas de surdosage, le parac\u00e9tamol peut entra\u00eener des<strong> l\u00e9sions graves du foie irr\u00e9versibles dans certains cas<\/strong>\u00a0: la mauvaise utilisation du parac\u00e9tamol est la premi\u00e8re\u00a0cause de greffe h\u00e9patique d&rsquo;origine m\u00e9dicamenteuse en France<\/em>\u00ab\u00a0, tient \u00e0 rappeler l&rsquo;Agence du m\u00e9dicament (ANSM) dans <a href=\"https:\/\/ansm.sante.fr\/S-informer\/Actualite\/COVID-19-l-ANSM-prend-des-mesures-pour-favoriser-le-bon-usage-du-paracetamol\" target=\"_blank\" rel=\"noopener noreferrer\">un communiqu\u00e9<\/a>* du 17 mars 2020. Voil\u00e0 pourquoi les produits \u00e0 base de parac\u00e9tamol sont \u00e9galement plac\u00e9s derri\u00e8re le comptoir du pharmacien depuis le 15 janvier. Par ailleurs, afin de garantir leur disponibilit\u00e9, la <a href=\"https:\/\/sante.journaldesfemmes.fr\/maladies\/2626411-coronavirus-fievre-delivrance-paracetamol-limite-boite-pharmacie-france-restriction\/\" target=\"_blank\" rel=\"noopener noreferrer\">vente des m\u00e9dicaments \u00e0 base de parac\u00e9tamol est restreinte \u00e0 partir du 18\u00a0mars 2020<\/a>\u00a0et la vente sur Internet des m\u00e9dicaments \u00e0 base de parac\u00e9tamol, d&rsquo;ibuprof\u00e8ne et d&rsquo;aspirine est\u00a0suspendue.<\/p>\n<blockquote><p>\u00a0<\/p><\/blockquote>\n<aside id=\"NL_1926202173\" class=\"newsletter_subscription jNlBlock\"><noscript><br \/>\n            <\/noscript><\/p>\n<h3 class=\"newsletter_subscription-title\">Newsletter <\/h3>\n<p><a href=\"\/\/mailing.ccmbg.com\/archive\/last-85\" target=\"_blank\" class=\"a_hover\" rel=\"noopener noreferrer\">Voir un exemple<\/a><\/p>\n<\/aside>\n<p><em>* Actualit\u00e9 \u00ab\u00a0COVID-19\u00a0: l&rsquo;ANSM prend des mesures pour favoriser le bon usage du parac\u00e9tamol\u00a0\u00bb, Agence du m\u00e9dicament, 17\/03\/20.<\/em><\/p>\n<\/p><\/div>\n<p><script async src=\"http:\/\/platform.twitter.com\/widgets.js\" charset=\"utf-8\"><\/script><br \/>\n<br \/>[ad_2]<br \/>\n<br \/><a href=\"https:\/\/sante.journaldesfemmes.fr\/maladies\/2626119-coronavirus-ibuprofene-cortisone-anti-inflammatoires-medicament-a-eviter-interdit-paracetamol-posologie\/\">Source link <\/a><\/p>\n","protected":false},"excerpt":{"rendered":"<p>[ad_1] Gare \u00e0 l&rsquo;autom\u00e9dication en pleine \u00e9pid\u00e9mie de coronavirus\u00a0! La prise d&rsquo;anti-inflammatoires comme l&rsquo;ibuprof\u00e8ne (Advil, Nurofen&#8230;) ou de certains cortico\u00efdes &hellip; <a href=\"http:\/\/www.affinite.fr\/index.php\/2020\/03\/23\/quels-medicaments-eviter-en-cas-de-coronavirus\/\" class=\"more-link\">Plus <span class=\"screen-reader-text\">quels m\u00e9dicaments \u00e9viter en cas de coronavirus\u00a0?<\/span> <span class=\"meta-nav\">&rarr;<\/span><\/a><\/p>\n","protected":false},"author":1,"featured_media":1006,"comment_status":"open","ping_status":"open","sticky":false,"template":"","format":"standard","meta":{"_sitemap_exclude":false,"_sitemap_priority":"","_sitemap_frequency":"","footnotes":""},"categories":[1],"tags":[],"class_list":["post-1005","post","type-post","status-publish","format-standard","has-post-thumbnail","hentry","category-tous"],"_links":{"self":[{"href":"http:\/\/www.affinite.fr\/index.php\/wp-json\/wp\/v2\/posts\/1005"}],"collection":[{"href":"http:\/\/www.affinite.fr\/index.php\/wp-json\/wp\/v2\/posts"}],"about":[{"href":"http:\/\/www.affinite.fr\/index.php\/wp-json\/wp\/v2\/types\/post"}],"author":[{"embeddable":true,"href":"http:\/\/www.affinite.fr\/index.php\/wp-json\/wp\/v2\/users\/1"}],"replies":[{"embeddable":true,"href":"http:\/\/www.affinite.fr\/index.php\/wp-json\/wp\/v2\/comments?post=1005"}],"version-history":[{"count":0,"href":"http:\/\/www.affinite.fr\/index.php\/wp-json\/wp\/v2\/posts\/1005\/revisions"}],"wp:featuredmedia":[{"embeddable":true,"href":"http:\/\/www.affinite.fr\/index.php\/wp-json\/wp\/v2\/media\/1006"}],"wp:attachment":[{"href":"http:\/\/www.affinite.fr\/index.php\/wp-json\/wp\/v2\/media?parent=1005"}],"wp:term":[{"taxonomy":"category","embeddable":true,"href":"http:\/\/www.affinite.fr\/index.php\/wp-json\/wp\/v2\/categories?post=1005"},{"taxonomy":"post_tag","embeddable":true,"href":"http:\/\/www.affinite.fr\/index.php\/wp-json\/wp\/v2\/tags?post=1005"}],"curies":[{"name":"wp","href":"https:\/\/api.w.org\/{rel}","templated":true}]}}