{"id":10006,"date":"2024-02-09T01:33:52","date_gmt":"2024-02-09T01:33:52","guid":{"rendered":"https:\/\/www.affinite.fr\/index.php\/2024\/02\/09\/son-fils-romain-passe-1-an-dans-un-van-details-de-son-projet-fou-sur-les-routes\/"},"modified":"2024-02-09T01:33:52","modified_gmt":"2024-02-09T01:33:52","slug":"son-fils-romain-passe-1-an-dans-un-van-details-de-son-projet-fou-sur-les-routes","status":"publish","type":"post","link":"http:\/\/www.affinite.fr\/index.php\/2024\/02\/09\/son-fils-romain-passe-1-an-dans-un-van-details-de-son-projet-fou-sur-les-routes\/","title":{"rendered":"Son fils Romain passe 1\u00a0an dans un van, d\u00e9tails de son projet fou sur les routes"},"content":{"rendered":"<p> [ad_1]<br \/>\n<br \/><img decoding=\"async\" src=\"https:\/\/img-3.journaldesfemmes.fr\/sw55d2eZFCV8UgBnDktF-EUFdlo=\/1280x\/smart\/d4b6786c35f746d6a3596496f4aab29d\/ccmcms-jdf\/39944081.jpg\" \/><\/p>\n<p>\n                Dans la famille Sardou, on demande le fils\u00a0: Romain\u00a0! Il a r\u00e9cemment pris une grande d\u00e9cision&#8230; embarquer dans un van am\u00e9nag\u00e9 pour 1\u00a0an, pour explorer des endroits tr\u00e8s particuliers.            <\/p>\n<div>\n<p>Le saviez-vous\u00a0? <strong>L&rsquo;un des quatre enfants de <a href=\"https:\/\/www.journaldesfemmes.fr\/people\/personnalites\/2778165-michel-sardou-femme-age-tournee-mariages-johnny-business-mort-enfants-77-ans\/\" title=\"Michel Sardou\">Michel Sardou<\/a><\/strong>, Romain, est \u00e9crivain. Et il se passionne pour les moines chr\u00e9tiens depuis de nombreuses ann\u00e9es d\u00e9j\u00e0. Tr\u00e8s r\u00e9cemment, il a d\u00e9cid\u00e9 de se lancer dans ce qui pourrait \u00eatre l&rsquo;aventure de sa vie\u00a0:<strong> un p\u00e9riple d&rsquo;un an sur les routes des monast\u00e8res.<\/strong> Il a r\u00e9cemment racont\u00e9 les d\u00e9tails de ce projet \u00e0 nos confr\u00e8res du <em>Figaro Magazine<\/em>.\u00a0<\/p>\n<h2>Pourquoi Romain Sardou s&rsquo;appr\u00eate-t-il \u00e0 passer un an sur les routes\u00a0?\u00a0<\/h2>\n<p>Interrog\u00e9 d&#8217;embl\u00e9e sur cette id\u00e9e folle, <strong>Romain Sardou<\/strong> a r\u00e9pondu qu&rsquo;il avait besoin de changement,\u00a0<em>\u00ab\u00a0non pour changer d&rsquo;air, mais pour changer d&rsquo;id\u00e9e\u00a0\u00bb<\/em>. Le fils de Michel Sardou s&rsquo;est confi\u00e9 sur le\u00a0chemin qu&rsquo;il comptait\u00a0emprunter pour mener \u00e0 bien son voyage\u00a0: <em>\u00ab\u00a0J&rsquo;irai \u00e0 Ligug\u00e9 pour saint Martin, \u00e0 Bangor pour saint Colomban, en \u00c9gypte pour saint Antoine, en Espagne pour Isidore, en Allemagne pour Boniface. Et, afin de cerner l&rsquo;h\u00e9ritage du monachisme d&rsquo;Occident, j&rsquo;irai visiter\u2026 ses h\u00e9ritiers directs\u00a0\u00bb<\/em>. Un <strong>parcours europ\u00e9en<\/strong> donc qui m\u00e8nera le fils du tr\u00e8s c\u00e9l\u00e8bre chanteur de 77\u00a0ans sur les traces de moines et de saints.\u00a0<\/p>\n<h2>Romain Sardou dit tout sur la folle aventure dans laquelle il s&#8217;embarque<\/h2>\n<p>Fan du continent europ\u00e9en et de son histoire, Romain Sardou a expliqu\u00e9 sa d\u00e9cision de se cantonner \u00e0 l&rsquo;Europe aux journalistes du <em>Figaro Magazine<\/em>. <em>\u00ab\u00a0L&rsquo;histoire du monachisme dans ses dimensions spirituelle, politique, intellectuelle, architecturale, civilisationnelle, c&rsquo;est aussi s&rsquo;\u00e9merveiller de la grandeur de ce continent\u00a0\u00bb<\/em>, a-t-il d&rsquo;abord d\u00e9taill\u00e9.<\/p>\n<p>Avant de poursuivre\u00a0: <em>\u00ab\u00a0Il s&rsquo;en est tenu et pens\u00e9 des choses \u00e9tonnantes sur cette partie du monde\u00a0! Il s&rsquo;en est rat\u00e9 \u00e9norm\u00e9ment, et des horreurs insoutenables, mais, \u00e0 qui veut bien le remarquer, toujours le bien l&rsquo;aura emport\u00e9 sur le mal. Un moine vous dirait que l&rsquo;esp\u00e9rance se nourrit du pass\u00e9. Il y a donc bien lieu d&rsquo;esp\u00e9rer\u00a0\u00bb<\/em>.\u00a0<\/p>\n<p>Celui qui a pour parrain <a href=\"https:\/\/www.journaldesfemmes.fr\/people\/alain-delon\/\" title=\"Alain Delon\">Alain Delon<\/a> et Mireille Darc pour marraine (rien que \u00e7a\u00a0!) a racont\u00e9 <strong>comment il vivrait pendant ce p\u00e9riple<\/strong> hors norme. <em>\u00ab\u00a0Pour l&rsquo;occasion de ce voyage, <strong>j&rsquo;ai fait am\u00e9nager un fourgon en bureau d&rsquo;\u00e9criture et biblioth\u00e8que roulante.<\/strong> J&#8217;emporte tout sur la route. C&rsquo;est la &lsquo;Van Life du p\u00e8lerin'\u00a0\u00bb<\/em>, a plaisant\u00e9 le quinquag\u00e9naire. Quant \u00e0 la <strong>devise de son p\u00e9riple<\/strong>, elle est simple : <em>\u00ab\u00a0Obsculta. \u00c9coute\u00a0\u00bb<\/em>. Gageons que son c\u00e9l\u00e8bre p\u00e8re approuve ce message !<\/p>\n<\/p><\/div>\n<p>[ad_2]<br \/>\n<br \/><a href=\"https:\/\/www.journaldesfemmes.fr\/people\/actus\/3160806-michel-sardou-son-fils-romain-passe-1-an-dans-un-van-details-de-son-projet-fou\/\">Source link <\/a><\/p>\n","protected":false},"excerpt":{"rendered":"<p>[ad_1] Dans la famille Sardou, on demande le fils\u00a0: Romain\u00a0! Il a r\u00e9cemment pris une grande d\u00e9cision&#8230; embarquer dans un &hellip; <a href=\"http:\/\/www.affinite.fr\/index.php\/2024\/02\/09\/son-fils-romain-passe-1-an-dans-un-van-details-de-son-projet-fou-sur-les-routes\/\" class=\"more-link\">Plus <span class=\"screen-reader-text\">Son fils Romain passe 1\u00a0an dans un van, d\u00e9tails de son projet fou sur les routes<\/span> <span class=\"meta-nav\">&rarr;<\/span><\/a><\/p>\n","protected":false},"author":1,"featured_media":10007,"comment_status":"","ping_status":"open","sticky":false,"template":"","format":"standard","meta":{"_sitemap_exclude":false,"_sitemap_priority":"","_sitemap_frequency":"","footnotes":""},"categories":[1],"tags":[],"class_list":["post-10006","post","type-post","status-publish","format-standard","has-post-thumbnail","hentry","category-tous"],"_links":{"self":[{"href":"http:\/\/www.affinite.fr\/index.php\/wp-json\/wp\/v2\/posts\/10006"}],"collection":[{"href":"http:\/\/www.affinite.fr\/index.php\/wp-json\/wp\/v2\/posts"}],"about":[{"href":"http:\/\/www.affinite.fr\/index.php\/wp-json\/wp\/v2\/types\/post"}],"author":[{"embeddable":true,"href":"http:\/\/www.affinite.fr\/index.php\/wp-json\/wp\/v2\/users\/1"}],"replies":[{"embeddable":true,"href":"http:\/\/www.affinite.fr\/index.php\/wp-json\/wp\/v2\/comments?post=10006"}],"version-history":[{"count":0,"href":"http:\/\/www.affinite.fr\/index.php\/wp-json\/wp\/v2\/posts\/10006\/revisions"}],"wp:featuredmedia":[{"embeddable":true,"href":"http:\/\/www.affinite.fr\/index.php\/wp-json\/wp\/v2\/media\/10007"}],"wp:attachment":[{"href":"http:\/\/www.affinite.fr\/index.php\/wp-json\/wp\/v2\/media?parent=10006"}],"wp:term":[{"taxonomy":"category","embeddable":true,"href":"http:\/\/www.affinite.fr\/index.php\/wp-json\/wp\/v2\/categories?post=10006"},{"taxonomy":"post_tag","embeddable":true,"href":"http:\/\/www.affinite.fr\/index.php\/wp-json\/wp\/v2\/tags?post=10006"}],"curies":[{"name":"wp","href":"https:\/\/api.w.org\/{rel}","templated":true}]}}